{"id":9367,"date":"2026-04-28T19:24:38","date_gmt":"2026-04-28T17:24:38","guid":{"rendered":"https:\/\/www.orgevalreims.org\/?p=9367"},"modified":"2026-04-28T19:29:04","modified_gmt":"2026-04-28T17:29:04","slug":"venez-au-ptit-musee-dorgeval","status":"publish","type":"post","link":"https:\/\/www.orgevalreims.org\/?p=9367","title":{"rendered":"Venez au P&rsquo;tit Mus\u00e9e d&rsquo;Orgeval"},"content":{"rendered":"<p>&nbsp;<\/p>\n<p>&nbsp;<\/p>\n<figure id=\"attachment_9365\" aria-describedby=\"caption-attachment-9365\" style=\"width: 1920px\" class=\"wp-caption aligncenter\"><img loading=\"lazy\" decoding=\"async\" class=\"size-full wp-image-9365\" src=\"https:\/\/www.orgevalreims.org\/wp-content\/uploads\/2026\/04\/IMG_20260331_180416-scaled.jpg\" alt=\"\" width=\"1920\" height=\"2560\" srcset=\"https:\/\/www.orgevalreims.org\/wp-content\/uploads\/2026\/04\/IMG_20260331_180416-scaled.jpg 1920w, https:\/\/www.orgevalreims.org\/wp-content\/uploads\/2026\/04\/IMG_20260331_180416-225x300.jpg 225w, https:\/\/www.orgevalreims.org\/wp-content\/uploads\/2026\/04\/IMG_20260331_180416-746x995.jpg 746w, https:\/\/www.orgevalreims.org\/wp-content\/uploads\/2026\/04\/IMG_20260331_180416-768x1024.jpg 768w, https:\/\/www.orgevalreims.org\/wp-content\/uploads\/2026\/04\/IMG_20260331_180416-1152x1536.jpg 1152w, https:\/\/www.orgevalreims.org\/wp-content\/uploads\/2026\/04\/IMG_20260331_180416-1536x2048.jpg 1536w\" sizes=\"auto, (max-width: 1920px) 100vw, 1920px\" \/><figcaption id=\"caption-attachment-9365\" class=\"wp-caption-text\">P&rsquo;tit mus\u00e9e d&rsquo;Orgeval<\/figcaption><\/figure>\n<p style=\"text-align: center;\"><strong>HORAIRES D&rsquo;OUVERTURE\u00a0<\/strong><\/p>\n<p style=\"text-align: center;\"><strong>Lundi 14h \u00e0 18h<\/strong><\/p>\n<p style=\"text-align: center;\"><strong>Mardi 14h \u00e0 17h<\/strong><\/p>\n<p style=\"text-align: center;\"><strong>Jeudi 10h \u00e0 12h\u00a0<\/strong><\/p>\n<p style=\"text-align: center;\"><strong>Jeudi 14h \u00e0 18 h<\/strong><\/p>\n<p style=\"text-align: center;\"><strong>le MAD Mus\u00e9e A la Demande. Si ces horaires nous conviennent pas, envoyer un mail \u00e0 CREADEV51@GMAIL.COM pour une ouverture personnalis\u00e9e ou t\u00e9l au 07 68 63 12 99 MERCI\u00a0<\/strong><\/p>\n","protected":false},"excerpt":{"rendered":"<p>&nbsp; &nbsp; HORAIRES D&rsquo;OUVERTURE\u00a0 Lundi 14h \u00e0 18h Mardi 14h \u00e0 17h Jeudi 10h \u00e0 12h\u00a0 Jeudi 14h \u00e0 18 h le MAD Mus\u00e9e A &hellip;<\/p>\n","protected":false},"author":2,"featured_media":0,"comment_status":"open","ping_status":"closed","sticky":false,"template":"","format":"aside","meta":{"_themeisle_gutenberg_block_has_review":false,"footnotes":""},"categories":[1],"tags":[440],"class_list":["post-9367","post","type-post","status-publish","format-aside","hentry","category-actualite-orgeval-des-actions-en-cours-et-a-venir","tag-musee-orgeval-reims-creadev-khalid-ramali","post_format-post-format-aside"],"_links":{"self":[{"href":"https:\/\/www.orgevalreims.org\/index.php?rest_route=\/wp\/v2\/posts\/9367","targetHints":{"allow":["GET"]}}],"collection":[{"href":"https:\/\/www.orgevalreims.org\/index.php?rest_route=\/wp\/v2\/posts"}],"about":[{"href":"https:\/\/www.orgevalreims.org\/index.php?rest_route=\/wp\/v2\/types\/post"}],"author":[{"embeddable":true,"href":"https:\/\/www.orgevalreims.org\/index.php?rest_route=\/wp\/v2\/users\/2"}],"replies":[{"embeddable":true,"href":"https:\/\/www.orgevalreims.org\/index.php?rest_route=%2Fwp%2Fv2%2Fcomments&post=9367"}],"version-history":[{"count":3,"href":"https:\/\/www.orgevalreims.org\/index.php?rest_route=\/wp\/v2\/posts\/9367\/revisions"}],"predecessor-version":[{"id":9371,"href":"https:\/\/www.orgevalreims.org\/index.php?rest_route=\/wp\/v2\/posts\/9367\/revisions\/9371"}],"wp:attachment":[{"href":"https:\/\/www.orgevalreims.org\/index.php?rest_route=%2Fwp%2Fv2%2Fmedia&parent=9367"}],"wp:term":[{"taxonomy":"category","embeddable":true,"href":"https:\/\/www.orgevalreims.org\/index.php?rest_route=%2Fwp%2Fv2%2Fcategories&post=9367"},{"taxonomy":"post_tag","embeddable":true,"href":"https:\/\/www.orgevalreims.org\/index.php?rest_route=%2Fwp%2Fv2%2Ftags&post=9367"}],"curies":[{"name":"wp","href":"https:\/\/api.w.org\/{rel}","templated":true}]}}