{"id":8998,"date":"2024-05-13T19:43:43","date_gmt":"2024-05-13T17:43:43","guid":{"rendered":"https:\/\/www.orgevalreims.org\/?p=8998"},"modified":"2024-05-13T19:45:03","modified_gmt":"2024-05-13T17:45:03","slug":"orgeval-decouvertes","status":"publish","type":"post","link":"https:\/\/www.orgevalreims.org\/?p=8998","title":{"rendered":"ORGEVAL DECOUVERTES VIDEOS"},"content":{"rendered":"<div class=\"wp-playlist wp-video-playlist wp-playlist-light\">\n\t\t<video controls=\"controls\" preload=\"none\" width=\"738\"\n\t\t height=\"554\"\t><\/video>\n\t<div class=\"wp-playlist-next\"><\/div>\n\t<div class=\"wp-playlist-prev\"><\/div>\n\t<noscript>\n\t<ol>\n\t\t<li><a href='https:\/\/www.orgevalreims.org\/wp-content\/uploads\/2023\/06\/SALLE-ESPACE-JEUNES-DORGEVAL.mp4'>SALLE ESPACE JEUNES D'ORGEVAL<\/a><\/li><li><a href='https:\/\/www.orgevalreims.org\/wp-content\/uploads\/2023\/01\/Ina-MEDIAPRO-Reims-operation-du-Secours-populaire-francais-d.mp4'>Ina MEDIAPRO Reims op\u00e9ration du Secours populaire fran\u00e7ais d<\/a><\/li><li><a href='https:\/\/www.orgevalreims.org\/wp-content\/uploads\/2023\/06\/VIDEO.-A-Reims-la-spectaculaire-metamorphose-dOrgeval.mp4'>VID\u00c9O. \u00c0 Reims, la spectaculaire m\u00e9tamorphose d\u2019Orgeval<\/a><\/li><li><a href='https:\/\/www.orgevalreims.org\/wp-content\/uploads\/2022\/08\/Pose-de-la-1er-pierre-la-18-Juin-2007-5.mp4'>Pose de la 1er pierre la 18 Juin 2007 (5)<\/a><\/li><li><a href='https:\/\/www.orgevalreims.org\/wp-content\/uploads\/2022\/08\/AU-COEUR-DE-LA-DEMOLITION-.mp4'>AU COEUR DE LA DEMOLITION<\/a><\/li><li><a href='https:\/\/www.orgevalreims.org\/wp-content\/uploads\/2022\/03\/ALBUM-COLBERT.mp4'>ALBUM COLBERT<\/a><\/li>\t<\/ol>\n\t<\/noscript>\n\t<script type=\"application\/json\" class=\"wp-playlist-script\">{\"type\":\"video\",\"tracklist\":true,\"tracknumbers\":true,\"images\":true,\"artists\":true,\"tracks\":[{\"src\":\"https:\/\/www.orgevalreims.org\/wp-content\/uploads\/2023\/06\/SALLE-ESPACE-JEUNES-DORGEVAL.mp4\",\"type\":\"video\/mp4\",\"title\":\"SALLE ESPACE JEUNES D'ORGEVAL\",\"caption\":\"\",\"description\":\"\",\"meta\":{\"length_formatted\":\"1:39\"},\"dimensions\":{\"original\":{\"width\":720,\"height\":576},\"resized\":{\"width\":738,\"height\":590}},\"image\":{\"src\":\"https:\/\/www.orgevalreims.org\/wp-includes\/images\/media\/video.svg\",\"width\":48,\"height\":64},\"thumb\":{\"src\":\"https:\/\/www.orgevalreims.org\/wp-includes\/images\/media\/video.svg\",\"width\":48,\"height\":64}},{\"src\":\"https:\/\/www.orgevalreims.org\/wp-content\/uploads\/2023\/01\/Ina-MEDIAPRO-Reims-operation-du-Secours-populaire-francais-d.mp4\",\"type\":\"video\/mp4\",\"title\":\"Ina MEDIAPRO Reims op\\u00e9ration du Secours populaire fran\\u00e7ais d\",\"caption\":\"\",\"description\":\"\",\"meta\":{\"length_formatted\":\"0:23\"},\"dimensions\":{\"original\":{\"width\":512,\"height\":384},\"resized\":{\"width\":738,\"height\":554}},\"image\":{\"src\":\"https:\/\/www.orgevalreims.org\/wp-includes\/images\/media\/video.svg\",\"width\":48,\"height\":64},\"thumb\":{\"src\":\"https:\/\/www.orgevalreims.org\/wp-includes\/images\/media\/video.svg\",\"width\":48,\"height\":64}},{\"src\":\"https:\/\/www.orgevalreims.org\/wp-content\/uploads\/2023\/06\/VIDEO.-A-Reims-la-spectaculaire-metamorphose-dOrgeval.mp4\",\"type\":\"video\/mp4\",\"title\":\"VID\\u00c9O. \\u00c0 Reims, la spectaculaire m\\u00e9tamorphose d\\u2019Orgeval\",\"caption\":\"\",\"description\":\"\",\"meta\":{\"length_formatted\":\"1:18\"},\"dimensions\":{\"original\":{\"width\":852,\"height\":480},\"resized\":{\"width\":738,\"height\":416}},\"image\":{\"src\":\"https:\/\/www.orgevalreims.org\/wp-includes\/images\/media\/video.svg\",\"width\":48,\"height\":64},\"thumb\":{\"src\":\"https:\/\/www.orgevalreims.org\/wp-includes\/images\/media\/video.svg\",\"width\":48,\"height\":64}},{\"src\":\"https:\/\/www.orgevalreims.org\/wp-content\/uploads\/2022\/08\/Pose-de-la-1er-pierre-la-18-Juin-2007-5.mp4\",\"type\":\"video\/mp4\",\"title\":\"Pose de la 1er pierre la 18 Juin 2007 (5)\",\"caption\":\"\",\"description\":\"\",\"meta\":{\"length_formatted\":\"0:11\"},\"dimensions\":{\"original\":{\"width\":640,\"height\":480},\"resized\":{\"width\":738,\"height\":554}},\"image\":{\"src\":\"https:\/\/www.orgevalreims.org\/wp-includes\/images\/media\/video.svg\",\"width\":48,\"height\":64},\"thumb\":{\"src\":\"https:\/\/www.orgevalreims.org\/wp-includes\/images\/media\/video.svg\",\"width\":48,\"height\":64}},{\"src\":\"https:\/\/www.orgevalreims.org\/wp-content\/uploads\/2022\/08\/AU-COEUR-DE-LA-DEMOLITION-.mp4\",\"type\":\"video\/mp4\",\"title\":\"AU COEUR DE LA DEMOLITION\",\"caption\":\"r\\u00e9novation \\u00e0 Orgeval. \",\"description\":\"En 2010, la r\\u00e9novation d'Orgeval d\\u00e9butait ( Anru 1) \",\"meta\":{\"length_formatted\":\"4:00\"},\"dimensions\":{\"original\":{\"width\":720,\"height\":576},\"resized\":{\"width\":738,\"height\":590}},\"image\":{\"src\":\"https:\/\/www.orgevalreims.org\/wp-includes\/images\/media\/video.svg\",\"width\":48,\"height\":64},\"thumb\":{\"src\":\"https:\/\/www.orgevalreims.org\/wp-includes\/images\/media\/video.svg\",\"width\":48,\"height\":64}},{\"src\":\"https:\/\/www.orgevalreims.org\/wp-content\/uploads\/2022\/03\/ALBUM-COLBERT.mp4\",\"type\":\"video\/mp4\",\"title\":\"ALBUM COLBERT\",\"caption\":\"\",\"description\":\"\",\"meta\":{\"length_formatted\":\"6:37\"},\"dimensions\":{\"original\":{\"width\":640,\"height\":480},\"resized\":{\"width\":738,\"height\":554}},\"image\":{\"src\":\"https:\/\/www.orgevalreims.org\/wp-includes\/images\/media\/video.svg\",\"width\":48,\"height\":64},\"thumb\":{\"src\":\"https:\/\/www.orgevalreims.org\/wp-includes\/images\/media\/video.svg\",\"width\":48,\"height\":64}}]}<\/script>\n<\/div>\n\t\n","protected":false},"excerpt":{"rendered":"","protected":false},"author":2,"featured_media":0,"comment_status":"open","ping_status":"closed","sticky":false,"template":"","format":"video","meta":{"_themeisle_gutenberg_block_has_review":false,"footnotes":""},"categories":[1],"tags":[144],"class_list":["post-8998","post","type-post","status-publish","format-video","hentry","category-actualite-orgeval-des-actions-en-cours-et-a-venir","tag-orgeval-khalid-ramali","post_format-post-format-video"],"_links":{"self":[{"href":"https:\/\/www.orgevalreims.org\/index.php?rest_route=\/wp\/v2\/posts\/8998","targetHints":{"allow":["GET"]}}],"collection":[{"href":"https:\/\/www.orgevalreims.org\/index.php?rest_route=\/wp\/v2\/posts"}],"about":[{"href":"https:\/\/www.orgevalreims.org\/index.php?rest_route=\/wp\/v2\/types\/post"}],"author":[{"embeddable":true,"href":"https:\/\/www.orgevalreims.org\/index.php?rest_route=\/wp\/v2\/users\/2"}],"replies":[{"embeddable":true,"href":"https:\/\/www.orgevalreims.org\/index.php?rest_route=%2Fwp%2Fv2%2Fcomments&post=8998"}],"version-history":[{"count":2,"href":"https:\/\/www.orgevalreims.org\/index.php?rest_route=\/wp\/v2\/posts\/8998\/revisions"}],"predecessor-version":[{"id":9000,"href":"https:\/\/www.orgevalreims.org\/index.php?rest_route=\/wp\/v2\/posts\/8998\/revisions\/9000"}],"wp:attachment":[{"href":"https:\/\/www.orgevalreims.org\/index.php?rest_route=%2Fwp%2Fv2%2Fmedia&parent=8998"}],"wp:term":[{"taxonomy":"category","embeddable":true,"href":"https:\/\/www.orgevalreims.org\/index.php?rest_route=%2Fwp%2Fv2%2Fcategories&post=8998"},{"taxonomy":"post_tag","embeddable":true,"href":"https:\/\/www.orgevalreims.org\/index.php?rest_route=%2Fwp%2Fv2%2Ftags&post=8998"}],"curies":[{"name":"wp","href":"https:\/\/api.w.org\/{rel}","templated":true}]}}