{"id":8971,"date":"2024-04-28T18:05:18","date_gmt":"2024-04-28T16:05:18","guid":{"rendered":"https:\/\/www.orgevalreims.org\/?p=8971"},"modified":"2024-04-28T18:05:18","modified_gmt":"2024-04-28T16:05:18","slug":"photos-du-passe","status":"publish","type":"post","link":"https:\/\/www.orgevalreims.org\/?p=8971","title":{"rendered":"PHOTOS DU PASSE"},"content":{"rendered":"<figure id=\"attachment_8972\" aria-describedby=\"caption-attachment-8972\" style=\"width: 760px\" class=\"wp-caption aligncenter\"><img loading=\"lazy\" decoding=\"async\" class=\"size-large wp-image-8972\" src=\"https:\/\/www.orgevalreims.org\/wp-content\/uploads\/2024\/04\/MEMOIRE-HABITANTS-MME-GUILLOT-986x995.jpg\" alt=\"\" width=\"760\" height=\"767\" srcset=\"https:\/\/www.orgevalreims.org\/wp-content\/uploads\/2024\/04\/MEMOIRE-HABITANTS-MME-GUILLOT-986x995.jpg 986w, https:\/\/www.orgevalreims.org\/wp-content\/uploads\/2024\/04\/MEMOIRE-HABITANTS-MME-GUILLOT-297x300.jpg 297w, https:\/\/www.orgevalreims.org\/wp-content\/uploads\/2024\/04\/MEMOIRE-HABITANTS-MME-GUILLOT-150x150.jpg 150w, https:\/\/www.orgevalreims.org\/wp-content\/uploads\/2024\/04\/MEMOIRE-HABITANTS-MME-GUILLOT-768x775.jpg 768w, https:\/\/www.orgevalreims.org\/wp-content\/uploads\/2024\/04\/MEMOIRE-HABITANTS-MME-GUILLOT.jpg 1504w\" sizes=\"auto, (max-width: 760px) 100vw, 760px\" \/><figcaption id=\"caption-attachment-8972\" class=\"wp-caption-text\">DU COTE DE RAYMOND POINCAR\u00c9 D\u00c9BUT DES ANN\u00c9ES 60<\/figcaption><\/figure>\n<figure id=\"attachment_8977\" aria-describedby=\"caption-attachment-8977\" style=\"width: 760px\" class=\"wp-caption aligncenter\"><img loading=\"lazy\" decoding=\"async\" class=\"size-large wp-image-8977\" src=\"https:\/\/www.orgevalreims.org\/wp-content\/uploads\/2024\/04\/ORGEVAL-HABITANTS-SOUVENIRS-MME-GUILLOT-851x995.jpg\" alt=\"\" width=\"760\" height=\"889\" srcset=\"https:\/\/www.orgevalreims.org\/wp-content\/uploads\/2024\/04\/ORGEVAL-HABITANTS-SOUVENIRS-MME-GUILLOT-851x995.jpg 851w, https:\/\/www.orgevalreims.org\/wp-content\/uploads\/2024\/04\/ORGEVAL-HABITANTS-SOUVENIRS-MME-GUILLOT-257x300.jpg 257w, https:\/\/www.orgevalreims.org\/wp-content\/uploads\/2024\/04\/ORGEVAL-HABITANTS-SOUVENIRS-MME-GUILLOT-768x898.jpg 768w, https:\/\/www.orgevalreims.org\/wp-content\/uploads\/2024\/04\/ORGEVAL-HABITANTS-SOUVENIRS-MME-GUILLOT-1314x1536.jpg 1314w, https:\/\/www.orgevalreims.org\/wp-content\/uploads\/2024\/04\/ORGEVAL-HABITANTS-SOUVENIRS-MME-GUILLOT.jpg 1355w\" sizes=\"auto, (max-width: 760px) 100vw, 760px\" \/><figcaption id=\"caption-attachment-8977\" class=\"wp-caption-text\">smart<\/figcaption><\/figure>\n","protected":false},"excerpt":{"rendered":"","protected":false},"author":2,"featured_media":0,"comment_status":"open","ping_status":"closed","sticky":false,"template":"","format":"image","meta":{"_themeisle_gutenberg_block_has_review":false,"footnotes":""},"categories":[228],"tags":[185],"class_list":["post-8971","post","type-post","status-publish","format-image","hentry","category-photoannees60","tag-khalid-ramali-orgeval","post_format-post-format-image"],"_links":{"self":[{"href":"https:\/\/www.orgevalreims.org\/index.php?rest_route=\/wp\/v2\/posts\/8971","targetHints":{"allow":["GET"]}}],"collection":[{"href":"https:\/\/www.orgevalreims.org\/index.php?rest_route=\/wp\/v2\/posts"}],"about":[{"href":"https:\/\/www.orgevalreims.org\/index.php?rest_route=\/wp\/v2\/types\/post"}],"author":[{"embeddable":true,"href":"https:\/\/www.orgevalreims.org\/index.php?rest_route=\/wp\/v2\/users\/2"}],"replies":[{"embeddable":true,"href":"https:\/\/www.orgevalreims.org\/index.php?rest_route=%2Fwp%2Fv2%2Fcomments&post=8971"}],"version-history":[{"count":1,"href":"https:\/\/www.orgevalreims.org\/index.php?rest_route=\/wp\/v2\/posts\/8971\/revisions"}],"predecessor-version":[{"id":8982,"href":"https:\/\/www.orgevalreims.org\/index.php?rest_route=\/wp\/v2\/posts\/8971\/revisions\/8982"}],"wp:attachment":[{"href":"https:\/\/www.orgevalreims.org\/index.php?rest_route=%2Fwp%2Fv2%2Fmedia&parent=8971"}],"wp:term":[{"taxonomy":"category","embeddable":true,"href":"https:\/\/www.orgevalreims.org\/index.php?rest_route=%2Fwp%2Fv2%2Fcategories&post=8971"},{"taxonomy":"post_tag","embeddable":true,"href":"https:\/\/www.orgevalreims.org\/index.php?rest_route=%2Fwp%2Fv2%2Ftags&post=8971"}],"curies":[{"name":"wp","href":"https:\/\/api.w.org\/{rel}","templated":true}]}}