{"id":5917,"date":"2022-04-12T18:43:34","date_gmt":"2022-04-12T16:43:34","guid":{"rendered":"https:\/\/www.orgevalreims.org\/?p=5917"},"modified":"2022-06-03T13:51:06","modified_gmt":"2022-06-03T11:51:06","slug":"le-facteur-theatre-reprend-en-avril-la-piece-lamour-des-mots","status":"publish","type":"post","link":"https:\/\/www.orgevalreims.org\/?p=5917","title":{"rendered":"Le Facteur Th\u00e9\u00e2tre reprend en avril la pi\u00e8ce : l&rsquo;amour des mots"},"content":{"rendered":"<p>AGENDA ORGEVAL : Sortir, Voir, Participer!<\/p>\n<p>&nbsp;<\/p>\n<p><img decoding=\"async\" class=\"ji94ytn4 d2edcug0 r9f5tntg r0294ipz\" src=\"https:\/\/scontent.fcdg1-1.fna.fbcdn.net\/v\/t39.30808-6\/275606970_4892555687501269_319954303431034090_n.jpg?_nc_cat=108&amp;ccb=1-5&amp;_nc_sid=730e14&amp;_nc_ohc=XUBpZp3eby8AX_rDKoO&amp;_nc_ht=scontent.fcdg1-1.fna&amp;oh=00_AT96FO17ymIMGGnxelmD3mIFbMJIvxB_eGZMY2Rse8kSXw&amp;oe=625A57F0\" alt=\"Peut \u00eatre une image de 2 personnes et int\u00e9rieur\" data-visualcompletion=\"media-vc-image\" \/><\/p>\n<p>&nbsp;<\/p>\n<p><img decoding=\"async\" class=\"ji94ytn4 d2edcug0 r9f5tntg r0294ipz\" src=\"https:\/\/scontent.fcdg1-1.fna.fbcdn.net\/v\/t39.30808-6\/275131524_4892556234167881_6712374171013844579_n.jpg?_nc_cat=108&amp;ccb=1-5&amp;_nc_sid=730e14&amp;_nc_ohc=MmHtd0m8o0kAX-c6Ff4&amp;_nc_ht=scontent.fcdg1-1.fna&amp;oh=00_AT-GTEHUiUeGnPL0LGCsK99x3__3Jk_ljs50rvvbj4sqYg&amp;oe=625A0A2F\" alt=\"Peut \u00eatre une image de 2 personnes, personnes assises et int\u00e9rieur\" data-visualcompletion=\"media-vc-image\" \/><\/p>\n<p>&nbsp;<\/p>\n<div class=\"\" dir=\"auto\">\n<div class=\"\" dir=\"auto\">\n<div class=\"ecm0bbzt hv4rvrfc ihqw7lf3 dati1w0a\" data-ad-comet-preview=\"message\" data-ad-preview=\"message\">\n<div class=\"j83agx80 cbu4d94t ew0dbk1b irj2b8pg\">\n<div class=\"qzhwtbm6 knvmm38d\">\n<div class=\"kvgmc6g5 cxmmr5t8 oygrvhab hcukyx3x c1et5uql ii04i59q\">\n<div dir=\"auto\">Toute l&rsquo;\u00e9quipe du Facteur Th\u00e9\u00e2tre sera heureuse de vous retrouver pour la reprise du spectacle \u00ab\u00a0L&rsquo;amour des mots\u00a0\u00bb de Louis Calaferte avec Elodie L\u00e9au (l&rsquo;\u00e9l\u00e8ve) et Alberto Lombardo (le pr\u00e9cepteur)<\/div>\n<div dir=\"auto\">les 19.21.22 et 23 avril \u00e0 19h30<\/div>\n<div dir=\"auto\">Au Gourbi, 3 place de Fermat, Reims. Tram : station de fermat<\/div>\n<div dir=\"auto\">Tarifs : 12 \u20ac et 10 \u20ac<\/div>\n<div dir=\"auto\">R\u00e9servations au : 06 27 49 99 94 ou 03 26 02 97 76 ou legourbi@lefacteurtheatre.com<\/div>\n<div dir=\"auto\">\u00ab\u00a0Mais si, chez Ionesco (la Le\u00e7on), l\u2019absurdit\u00e9 du langage est un moyen de dynamiter une histoire, pour Calaferte les mots sont avant tout cr\u00e9ateurs de situations. La passion du langage est ici intimement li\u00e9e \u00e0 la passion du jeu. La pi\u00e8ce nous entra\u00eene dans un v\u00e9ritable vertige, singulier et d\u00e9lirant. Tout en \u00e9pinglant avec jubilation les syst\u00e8mes \u00e9ducatifs, elle semble rester en contact avec le r\u00e9el.\u00a0\u00bb<\/div>\n<\/div>\n<\/div>\n<\/div>\n<\/div>\n<\/div>\n<\/div>\n","protected":false},"excerpt":{"rendered":"<p>AGENDA ORGEVAL : Sortir, Voir, Participer! &nbsp; &nbsp; &nbsp; Toute l&rsquo;\u00e9quipe du Facteur Th\u00e9\u00e2tre sera heureuse de vous retrouver pour la reprise du spectacle \u00ab\u00a0L&rsquo;amour &hellip;<\/p>\n","protected":false},"author":2,"featured_media":0,"comment_status":"open","ping_status":"open","sticky":false,"template":"","format":"standard","meta":{"_themeisle_gutenberg_block_has_review":false,"footnotes":""},"categories":[1],"tags":[211],"class_list":["post-5917","post","type-post","status-publish","format-standard","hentry","category-actualite-orgeval-des-actions-en-cours-et-a-venir","tag-khalid-ramali-orgeval-facteur-theatre"],"_links":{"self":[{"href":"https:\/\/www.orgevalreims.org\/index.php?rest_route=\/wp\/v2\/posts\/5917","targetHints":{"allow":["GET"]}}],"collection":[{"href":"https:\/\/www.orgevalreims.org\/index.php?rest_route=\/wp\/v2\/posts"}],"about":[{"href":"https:\/\/www.orgevalreims.org\/index.php?rest_route=\/wp\/v2\/types\/post"}],"author":[{"embeddable":true,"href":"https:\/\/www.orgevalreims.org\/index.php?rest_route=\/wp\/v2\/users\/2"}],"replies":[{"embeddable":true,"href":"https:\/\/www.orgevalreims.org\/index.php?rest_route=%2Fwp%2Fv2%2Fcomments&post=5917"}],"version-history":[{"count":3,"href":"https:\/\/www.orgevalreims.org\/index.php?rest_route=\/wp\/v2\/posts\/5917\/revisions"}],"predecessor-version":[{"id":5925,"href":"https:\/\/www.orgevalreims.org\/index.php?rest_route=\/wp\/v2\/posts\/5917\/revisions\/5925"}],"wp:attachment":[{"href":"https:\/\/www.orgevalreims.org\/index.php?rest_route=%2Fwp%2Fv2%2Fmedia&parent=5917"}],"wp:term":[{"taxonomy":"category","embeddable":true,"href":"https:\/\/www.orgevalreims.org\/index.php?rest_route=%2Fwp%2Fv2%2Fcategories&post=5917"},{"taxonomy":"post_tag","embeddable":true,"href":"https:\/\/www.orgevalreims.org\/index.php?rest_route=%2Fwp%2Fv2%2Ftags&post=5917"}],"curies":[{"name":"wp","href":"https:\/\/api.w.org\/{rel}","templated":true}]}}