{"id":5857,"date":"2022-03-04T15:38:15","date_gmt":"2022-03-04T13:38:15","guid":{"rendered":"https:\/\/www.orgevalreims.org\/?p=5857"},"modified":"2023-08-08T15:29:00","modified_gmt":"2023-08-08T13:29:00","slug":"josephine-victime-du-covid","status":"publish","type":"post","link":"https:\/\/www.orgevalreims.org\/?p=5857","title":{"rendered":"Jos\u00e9phine, victime du Covid !"},"content":{"rendered":"\n<figure class=\"wp-block-image size-full is-resized wp-duotone-000000-ffffff-1\"><img loading=\"lazy\" decoding=\"async\" src=\"https:\/\/www.orgevalreims.org\/wp-content\/uploads\/2022\/03\/Jo.jpg\" alt=\"\" class=\"wp-image-5858\" width=\"510\" height=\"386\"\/><\/figure>\n\n\n\n<p class=\"has-drop-cap\">A l&rsquo;instar de nombre de nos concitoyens, la star du music hall, artiste, r\u00e9sistante et militante pour les droits civiques fran\u00e7aise Jos\u00e9phine Baker &#8211; ou plut\u00f4t le square d\u00e9di\u00e9 \u00e0 sa m\u00e9moire au sein d&rsquo;Orgeval- fut elle aussi victime du coronavirus \u00ab\u00a019\u00a0\u00bb. Sens\u00e9s d\u00e9buter en mars 2020, les travaux pour sa construction ont \u00e9t\u00e9 retard\u00e9s &#8211; l&rsquo;\u00e9pid\u00e9mie ayant consid\u00e9rablement ralenti la livraison des mat\u00e9riaux n\u00e9cessaires. Le square a n\u00e9anmoins et finalement \u00e9t\u00e9 inaugur\u00e9 au mois d&rsquo;ao\u00fbt de la m\u00eame ann\u00e9e.<\/p>\n\n\n\n<figure class=\"wp-block-image size-full\"><img loading=\"lazy\" decoding=\"async\" width=\"870\" height=\"489\" src=\"https:\/\/www.orgevalreims.org\/wp-content\/uploads\/2022\/03\/square-Jo-1.jpg\" alt=\"\" class=\"wp-image-5861\" srcset=\"https:\/\/www.orgevalreims.org\/wp-content\/uploads\/2022\/03\/square-Jo-1.jpg 870w, https:\/\/www.orgevalreims.org\/wp-content\/uploads\/2022\/03\/square-Jo-1-300x169.jpg 300w, https:\/\/www.orgevalreims.org\/wp-content\/uploads\/2022\/03\/square-Jo-1-768x432.jpg 768w\" sizes=\"auto, (max-width: 870px) 100vw, 870px\" \/><\/figure>\n","protected":false},"excerpt":{"rendered":"<p>A l&rsquo;instar de nombre de nos concitoyens, la star du music hall, artiste, r\u00e9sistante et militante pour les droits civiques fran\u00e7aise Jos\u00e9phine Baker &#8211; ou &hellip;<\/p>\n","protected":false},"author":2,"featured_media":8002,"comment_status":"open","ping_status":"open","sticky":false,"template":"","format":"standard","meta":{"_themeisle_gutenberg_block_has_review":false,"footnotes":""},"categories":[1],"tags":[],"class_list":["post-5857","post","type-post","status-publish","format-standard","has-post-thumbnail","hentry","category-actualite-orgeval-des-actions-en-cours-et-a-venir"],"_links":{"self":[{"href":"https:\/\/www.orgevalreims.org\/index.php?rest_route=\/wp\/v2\/posts\/5857","targetHints":{"allow":["GET"]}}],"collection":[{"href":"https:\/\/www.orgevalreims.org\/index.php?rest_route=\/wp\/v2\/posts"}],"about":[{"href":"https:\/\/www.orgevalreims.org\/index.php?rest_route=\/wp\/v2\/types\/post"}],"author":[{"embeddable":true,"href":"https:\/\/www.orgevalreims.org\/index.php?rest_route=\/wp\/v2\/users\/2"}],"replies":[{"embeddable":true,"href":"https:\/\/www.orgevalreims.org\/index.php?rest_route=%2Fwp%2Fv2%2Fcomments&post=5857"}],"version-history":[{"count":2,"href":"https:\/\/www.orgevalreims.org\/index.php?rest_route=\/wp\/v2\/posts\/5857\/revisions"}],"predecessor-version":[{"id":5862,"href":"https:\/\/www.orgevalreims.org\/index.php?rest_route=\/wp\/v2\/posts\/5857\/revisions\/5862"}],"wp:featuredmedia":[{"embeddable":true,"href":"https:\/\/www.orgevalreims.org\/index.php?rest_route=\/wp\/v2\/media\/8002"}],"wp:attachment":[{"href":"https:\/\/www.orgevalreims.org\/index.php?rest_route=%2Fwp%2Fv2%2Fmedia&parent=5857"}],"wp:term":[{"taxonomy":"category","embeddable":true,"href":"https:\/\/www.orgevalreims.org\/index.php?rest_route=%2Fwp%2Fv2%2Fcategories&post=5857"},{"taxonomy":"post_tag","embeddable":true,"href":"https:\/\/www.orgevalreims.org\/index.php?rest_route=%2Fwp%2Fv2%2Ftags&post=5857"}],"curies":[{"name":"wp","href":"https:\/\/api.w.org\/{rel}","templated":true}]}}