{"id":5639,"date":"2022-01-18T10:41:00","date_gmt":"2022-01-18T08:41:00","guid":{"rendered":"https:\/\/www.orgevalreims.org\/?p=5639"},"modified":"2023-08-18T13:47:17","modified_gmt":"2023-08-18T11:47:17","slug":"une-geographie-verte","status":"publish","type":"post","link":"https:\/\/www.orgevalreims.org\/?p=5639","title":{"rendered":"&#8211;   Une g\u00e9ographie verte   &#8211;"},"content":{"rendered":"\n<figure class=\"wp-block-image size-large\"><img loading=\"lazy\" decoding=\"async\" width=\"843\" height=\"995\" src=\"https:\/\/www.orgevalreims.org\/wp-content\/uploads\/2022\/01\/IMG_3134-843x995.jpg\" alt=\"\" class=\"wp-image-5640\" srcset=\"https:\/\/www.orgevalreims.org\/wp-content\/uploads\/2022\/01\/IMG_3134-843x995.jpg 843w, https:\/\/www.orgevalreims.org\/wp-content\/uploads\/2022\/01\/IMG_3134-254x300.jpg 254w, https:\/\/www.orgevalreims.org\/wp-content\/uploads\/2022\/01\/IMG_3134-768x907.jpg 768w, https:\/\/www.orgevalreims.org\/wp-content\/uploads\/2022\/01\/IMG_3134-1301x1536.jpg 1301w, https:\/\/www.orgevalreims.org\/wp-content\/uploads\/2022\/01\/IMG_3134-1735x2048.jpg 1735w\" sizes=\"auto, (max-width: 843px) 100vw, 843px\" \/><figcaption>Reims Attractive &#8211; Janvier 2022, p.26.<\/figcaption><\/figure>\n\n\n\n<p class=\"has-drop-cap has-vivid-purple-background-color has-text-color has-background\" style=\"color:#25ff45\">D&rsquo;autres \u00eelots verts, afin que chaque habitant puisse y avoir acc\u00e8s \u00e0 moins de 300 m\u00e8tres de leur habitat, verront le jour au cours de l&rsquo;ann\u00e9e, notamment boulevard des Belges &#8211; dans la continuit\u00e9 de la v\u00e9g\u00e9talisation observ\u00e9e \u00e0 Orgeval.<\/p>\n","protected":false},"excerpt":{"rendered":"<p>D&rsquo;autres \u00eelots verts, afin que chaque habitant puisse y avoir acc\u00e8s \u00e0 moins de 300 m\u00e8tres de leur habitat, verront le jour au cours de &hellip;<\/p>\n","protected":false},"author":2,"featured_media":8096,"comment_status":"open","ping_status":"open","sticky":false,"template":"","format":"standard","meta":{"_themeisle_gutenberg_block_has_review":false,"footnotes":""},"categories":[180],"tags":[],"class_list":["post-5639","post","type-post","status-publish","format-standard","has-post-thumbnail","hentry","category-nature-a-orgeval"],"_links":{"self":[{"href":"https:\/\/www.orgevalreims.org\/index.php?rest_route=\/wp\/v2\/posts\/5639","targetHints":{"allow":["GET"]}}],"collection":[{"href":"https:\/\/www.orgevalreims.org\/index.php?rest_route=\/wp\/v2\/posts"}],"about":[{"href":"https:\/\/www.orgevalreims.org\/index.php?rest_route=\/wp\/v2\/types\/post"}],"author":[{"embeddable":true,"href":"https:\/\/www.orgevalreims.org\/index.php?rest_route=\/wp\/v2\/users\/2"}],"replies":[{"embeddable":true,"href":"https:\/\/www.orgevalreims.org\/index.php?rest_route=%2Fwp%2Fv2%2Fcomments&post=5639"}],"version-history":[{"count":2,"href":"https:\/\/www.orgevalreims.org\/index.php?rest_route=\/wp\/v2\/posts\/5639\/revisions"}],"predecessor-version":[{"id":5761,"href":"https:\/\/www.orgevalreims.org\/index.php?rest_route=\/wp\/v2\/posts\/5639\/revisions\/5761"}],"wp:featuredmedia":[{"embeddable":true,"href":"https:\/\/www.orgevalreims.org\/index.php?rest_route=\/wp\/v2\/media\/8096"}],"wp:attachment":[{"href":"https:\/\/www.orgevalreims.org\/index.php?rest_route=%2Fwp%2Fv2%2Fmedia&parent=5639"}],"wp:term":[{"taxonomy":"category","embeddable":true,"href":"https:\/\/www.orgevalreims.org\/index.php?rest_route=%2Fwp%2Fv2%2Fcategories&post=5639"},{"taxonomy":"post_tag","embeddable":true,"href":"https:\/\/www.orgevalreims.org\/index.php?rest_route=%2Fwp%2Fv2%2Ftags&post=5639"}],"curies":[{"name":"wp","href":"https:\/\/api.w.org\/{rel}","templated":true}]}}