{"id":4557,"date":"2020-06-23T19:36:15","date_gmt":"2020-06-23T17:36:15","guid":{"rendered":"http:\/\/www.orgevalreims.org\/?p=4557"},"modified":"2023-07-04T15:05:22","modified_gmt":"2023-07-04T13:05:22","slug":"tous-solidaires","status":"publish","type":"post","link":"https:\/\/www.orgevalreims.org\/?p=4557","title":{"rendered":"TOUS SOLIDAIRES"},"content":{"rendered":"\n<figure class=\"wp-block-image size-large\"><img loading=\"lazy\" decoding=\"async\" width=\"1024\" height=\"512\" src=\"https:\/\/www.orgevalreims.org\/wp-content\/uploads\/2020\/06\/deconfincement-solidaire-1024x512.jpg\" alt=\"\" class=\"wp-image-4558\" srcset=\"https:\/\/www.orgevalreims.org\/wp-content\/uploads\/2020\/06\/deconfincement-solidaire-1024x512.jpg 1024w, https:\/\/www.orgevalreims.org\/wp-content\/uploads\/2020\/06\/deconfincement-solidaire-300x150.jpg 300w, https:\/\/www.orgevalreims.org\/wp-content\/uploads\/2020\/06\/deconfincement-solidaire-768x384.jpg 768w, https:\/\/www.orgevalreims.org\/wp-content\/uploads\/2020\/06\/deconfincement-solidaire-1536x768.jpg 1536w, https:\/\/www.orgevalreims.org\/wp-content\/uploads\/2020\/06\/deconfincement-solidaire-1080x540.jpg 1080w, https:\/\/www.orgevalreims.org\/wp-content\/uploads\/2020\/06\/deconfincement-solidaire-1140x570.jpg 1140w, https:\/\/www.orgevalreims.org\/wp-content\/uploads\/2020\/06\/deconfincement-solidaire.jpg 1867w\" sizes=\"auto, (max-width: 1024px) 100vw, 1024px\" \/><figcaption class=\"wp-element-caption\">SOLIDARIT\u00c9 AVANT TOUT <\/figcaption><\/figure>\n\n\n\n<p>C\u2019est dans la bo\u00eete ! J\u2019\u00e9vite la file ! &#x1f4ec;<br>Afin de limiter vos d\u00e9placements dans les locaux de <a href=\"https:\/\/www.facebook.com\/reimshabitat.officiel\/?__xts__%5B0%5D=68.ARB4RcrXZRqbALcLAszaNePoidloIWNeaVkK6VkbM0IjKAffTG6DB8MeQ_QaBgD4haU3I_Y9uTTnP_H1AKTt3ezT1wVIraj2g9dgPnw-3OqxhRbyiUlJPU8G-yh7gHFyr1rsy6R3R9onebRQbd2G4x8taWSpUkXj2P-Do4Gv1k8eV-TyOk3iNYUerCHlePqN6THYiCjH8EOjy0QM9-Hx3kdvh2QZC2F5NDvDKHed-0aiIE5B8Eudb1CjyAJH40ahtBtE_wdbMFGRELw9fxNx7jHTU-GmGK9kGPr_Gf2atAR4FlFlkTm0g_OkdLiWCaLo9TvRDlFKX7ukhgw0FVVQJJNdHQ&amp;__tn__=%2CdK%2AF-R&amp;eid=ARBDmi-3c6gi3Iviu32MINw1aF8hvVNKGD-9gNlMy3CMXOPdrjFEt5KAmLgeZuEnSIDNeaQvAe5hOnYV\">Reims habitat<\/a> et de respecter les mesures sanitaires, vos documents sont imp\u00e9rativement \u00e0 d\u00e9poser dans les bo\u00eetes aux lettres accessibles \u00e0 l\u2019ext\u00e9rieur des locaux de Reims habitat, Si\u00e8ge et Agences de proximit\u00e9.<br><br>Respectons les gestes barri\u00e8res.<br>Tous concern\u00e9s, tous solidaires !<\/p>\n","protected":false},"excerpt":{"rendered":"<p>C\u2019est dans la bo\u00eete ! J\u2019\u00e9vite la file ! &#x1f4ec;Afin de limiter vos d\u00e9placements dans les locaux de Reims habitat et de respecter les mesures &hellip;<\/p>\n","protected":false},"author":2,"featured_media":7935,"comment_status":"open","ping_status":"open","sticky":false,"template":"","format":"standard","meta":{"_themeisle_gutenberg_block_has_review":false,"footnotes":""},"categories":[1],"tags":[174],"class_list":["post-4557","post","type-post","status-publish","format-standard","has-post-thumbnail","hentry","category-actualite-orgeval-des-actions-en-cours-et-a-venir","tag-khalid-ramali-reims-habitat"],"_links":{"self":[{"href":"https:\/\/www.orgevalreims.org\/index.php?rest_route=\/wp\/v2\/posts\/4557","targetHints":{"allow":["GET"]}}],"collection":[{"href":"https:\/\/www.orgevalreims.org\/index.php?rest_route=\/wp\/v2\/posts"}],"about":[{"href":"https:\/\/www.orgevalreims.org\/index.php?rest_route=\/wp\/v2\/types\/post"}],"author":[{"embeddable":true,"href":"https:\/\/www.orgevalreims.org\/index.php?rest_route=\/wp\/v2\/users\/2"}],"replies":[{"embeddable":true,"href":"https:\/\/www.orgevalreims.org\/index.php?rest_route=%2Fwp%2Fv2%2Fcomments&post=4557"}],"version-history":[{"count":2,"href":"https:\/\/www.orgevalreims.org\/index.php?rest_route=\/wp\/v2\/posts\/4557\/revisions"}],"predecessor-version":[{"id":7936,"href":"https:\/\/www.orgevalreims.org\/index.php?rest_route=\/wp\/v2\/posts\/4557\/revisions\/7936"}],"wp:featuredmedia":[{"embeddable":true,"href":"https:\/\/www.orgevalreims.org\/index.php?rest_route=\/wp\/v2\/media\/7935"}],"wp:attachment":[{"href":"https:\/\/www.orgevalreims.org\/index.php?rest_route=%2Fwp%2Fv2%2Fmedia&parent=4557"}],"wp:term":[{"taxonomy":"category","embeddable":true,"href":"https:\/\/www.orgevalreims.org\/index.php?rest_route=%2Fwp%2Fv2%2Fcategories&post=4557"},{"taxonomy":"post_tag","embeddable":true,"href":"https:\/\/www.orgevalreims.org\/index.php?rest_route=%2Fwp%2Fv2%2Ftags&post=4557"}],"curies":[{"name":"wp","href":"https:\/\/api.w.org\/{rel}","templated":true}]}}