{"id":4533,"date":"2020-06-03T18:58:26","date_gmt":"2020-06-03T16:58:26","guid":{"rendered":"http:\/\/www.orgevalreims.org\/?p=4533"},"modified":"2023-06-30T14:10:51","modified_gmt":"2023-06-30T12:10:51","slug":"solidarite","status":"publish","type":"post","link":"https:\/\/www.orgevalreims.org\/?p=4533","title":{"rendered":"SOLIDARITE"},"content":{"rendered":"\n<p>[DIFFICULT\u00c9 DE PAIEMENT DE SON LOYER]<\/p>\n\n\n\n<p>Pendant le confinement, gr\u00e2ce au t\u00e9l\u00e9travail, l\u2019\u00e9quipe du Service Recouvrement de <a href=\"https:\/\/www.facebook.com\/reimshabitat.officiel\/?__tn__=KH-R&amp;eid=ARADn5tyK11meYKZpoJQYRi64M6sCraja5jxT_JlD5IlnzktKOTy4HG7cHGSRbKXjLC9BNHUwUqE1ZyR&amp;fref=mentions&amp;__xts__%5B0%5D=68.ARCcIavE-Ts7wrGO1h0H8iBQNYIv71nAE3_Me1LJTnL8Rf1Zqe3Leh3N7a1oI2QFnipNhkuyzW5WkVozV_hqq6kFG38_VO4LCf2231oWe4vXL9pWm0JMeo3EPgn_3J1U20DfoYr0Bhugs_GlUzMEw6Bpok1MIkPTsMrgYmwf64B1LJ63BEr7VQGK2mKNO8Ckt9ek2MYZGaGUhBbPzfPGRwIjCxyvzVl6PPt22fTnhgwUkWVevRaBThjMGMKBKTuMUg6bUV28pexKrTPdxUu_jca8MUlfBCzIzaHFlELF0zoTwaSkLNHgniQ0MPViFs-B1RW0CVanR2gaez3kiaLgQzhrZw\">Reims habitat<\/a> a adapt\u00e9 son fonctionnement pour continuer \u00e0 accompagner les clients de Reims habitat dans cette p\u00e9riode de crise sanitaire et \u00e9conomique, certains clients se retrouvant pour la premi\u00e8re fois en situation d\u2019impay\u00e9 de loyer. \u00ab Des clients \u00e9taient tr\u00e8s angoiss\u00e9s par rapport \u00e0 cette situation. L\u2019\u00e9quipe les rassure en les \u00e9coutant et en leur expliquant que des solutions existent pour faire face \u00e0 leur difficult\u00e9 financi\u00e8re. \u00bb souligne Isabelle, Cheffe du Service Recouvrement.<\/p>\n\n\n\n<p>Ces rencontres entre les clients et le charg\u00e9 de Recouvrement de Reims habitat, qu\u2019elles soient au t\u00e9l\u00e9phone ou par rendez-vous au Si\u00e8ge de l\u2019Office, permettent ainsi de construire avec eux une solution pour enrayer leurs dettes. \u00ab Des accords de paiement sont construits ensemble et les clients finissent par \u00eatre soulag\u00e9s. Depuis la r\u00e9ouverture progressive des locaux de Reims habitat, beaucoup ont m\u00eame d\u00e9j\u00e0 r\u00e9gularis\u00e9 leur situation. \u00bb conclut Isabelle.<\/p>\n\n\n\n<p>Une action commune, bailleur-locataire, permettant ainsi de r\u00e9soudre des situations complexes humainement.<\/p>\n\n\n\n<p>Si vous avez des difficult\u00e9s pour payer votre loyer, vous pouvez donc contacter une Charg\u00e9e de recouvrement de Reims habitat afin d\u2019\u00e9voquer, en toute confidentialit\u00e9, votre situation. Les rencontres se font sur rendez-vous.<\/p>\n\n\n\n<p>&#x260e; Pour prendre rendez-vous, merci de contacter le 03 26 48 43 43.<br>&#x1f550; entre 9h00 &#8211; 11h30 ou 14h00 &#8211; 16h30.<\/p>\n\n\n\n<p>Les rendez-vous au Si\u00e8ge de Reims habitat se d\u00e9rouleront dans des bureaux sp\u00e9cifiques, adapt\u00e9s aux conditions sanitaires actuelles. Le port du masque est obligatoire.<\/p>\n\n\n\n<p>&#x1f449; En savoir plus : <a rel=\"noreferrer noopener\" href=\"https:\/\/bit.ly\/36YtMgK?fbclid=IwAR3sBGgJCzYO8_B-nWjoyCoH2s1EqpqwkwHB7q5ZuE_y0qvV_d79M5h4klE\" target=\"_blank\">https:\/\/bit.ly\/36YtMgK<\/a><\/p>\n\n\n\n<figure class=\"wp-block-image size-large\"><img loading=\"lazy\" decoding=\"async\" width=\"1024\" height=\"508\" src=\"https:\/\/www.orgevalreims.org\/wp-content\/uploads\/2020\/06\/78346386_1589177601262128_7092032715653906432_o-1024x508.png\" alt=\"\" class=\"wp-image-4534\" srcset=\"https:\/\/www.orgevalreims.org\/wp-content\/uploads\/2020\/06\/78346386_1589177601262128_7092032715653906432_o-1024x508.png 1024w, https:\/\/www.orgevalreims.org\/wp-content\/uploads\/2020\/06\/78346386_1589177601262128_7092032715653906432_o-300x149.png 300w, https:\/\/www.orgevalreims.org\/wp-content\/uploads\/2020\/06\/78346386_1589177601262128_7092032715653906432_o-768x381.png 768w, https:\/\/www.orgevalreims.org\/wp-content\/uploads\/2020\/06\/78346386_1589177601262128_7092032715653906432_o-1536x763.png 1536w, https:\/\/www.orgevalreims.org\/wp-content\/uploads\/2020\/06\/78346386_1589177601262128_7092032715653906432_o-2048x1017.png 2048w, https:\/\/www.orgevalreims.org\/wp-content\/uploads\/2020\/06\/78346386_1589177601262128_7092032715653906432_o-1140x566.png 1140w\" sizes=\"auto, (max-width: 1024px) 100vw, 1024px\" \/><\/figure>\n","protected":false},"excerpt":{"rendered":"<p>[DIFFICULT\u00c9 DE PAIEMENT DE SON LOYER] Pendant le confinement, gr\u00e2ce au t\u00e9l\u00e9travail, l\u2019\u00e9quipe du Service Recouvrement de Reims habitat a adapt\u00e9 son fonctionnement pour continuer &hellip;<\/p>\n","protected":false},"author":2,"featured_media":7905,"comment_status":"open","ping_status":"open","sticky":false,"template":"","format":"standard","meta":{"_themeisle_gutenberg_block_has_review":false,"footnotes":""},"categories":[1],"tags":[169,201],"class_list":["post-4533","post","type-post","status-publish","format-standard","has-post-thumbnail","hentry","category-actualite-orgeval-des-actions-en-cours-et-a-venir","tag-khalid-ramali","tag-reims-habitat"],"_links":{"self":[{"href":"https:\/\/www.orgevalreims.org\/index.php?rest_route=\/wp\/v2\/posts\/4533","targetHints":{"allow":["GET"]}}],"collection":[{"href":"https:\/\/www.orgevalreims.org\/index.php?rest_route=\/wp\/v2\/posts"}],"about":[{"href":"https:\/\/www.orgevalreims.org\/index.php?rest_route=\/wp\/v2\/types\/post"}],"author":[{"embeddable":true,"href":"https:\/\/www.orgevalreims.org\/index.php?rest_route=\/wp\/v2\/users\/2"}],"replies":[{"embeddable":true,"href":"https:\/\/www.orgevalreims.org\/index.php?rest_route=%2Fwp%2Fv2%2Fcomments&post=4533"}],"version-history":[{"count":1,"href":"https:\/\/www.orgevalreims.org\/index.php?rest_route=\/wp\/v2\/posts\/4533\/revisions"}],"predecessor-version":[{"id":4535,"href":"https:\/\/www.orgevalreims.org\/index.php?rest_route=\/wp\/v2\/posts\/4533\/revisions\/4535"}],"wp:featuredmedia":[{"embeddable":true,"href":"https:\/\/www.orgevalreims.org\/index.php?rest_route=\/wp\/v2\/media\/7905"}],"wp:attachment":[{"href":"https:\/\/www.orgevalreims.org\/index.php?rest_route=%2Fwp%2Fv2%2Fmedia&parent=4533"}],"wp:term":[{"taxonomy":"category","embeddable":true,"href":"https:\/\/www.orgevalreims.org\/index.php?rest_route=%2Fwp%2Fv2%2Fcategories&post=4533"},{"taxonomy":"post_tag","embeddable":true,"href":"https:\/\/www.orgevalreims.org\/index.php?rest_route=%2Fwp%2Fv2%2Ftags&post=4533"}],"curies":[{"name":"wp","href":"https:\/\/api.w.org\/{rel}","templated":true}]}}