{"id":4426,"date":"2020-02-17T18:38:13","date_gmt":"2020-02-17T16:38:13","guid":{"rendered":"http:\/\/www.orgevalreims.org\/?p=4426"},"modified":"2023-06-27T17:08:34","modified_gmt":"2023-06-27T15:08:34","slug":"mdq-orgeval-atelier","status":"publish","type":"post","link":"https:\/\/www.orgevalreims.org\/?p=4426","title":{"rendered":"MDQ ORGEVAL : ATELIER BRICO"},"content":{"rendered":"<div class=\"wp-block-image\">\n<figure class=\"alignright\"><img loading=\"lazy\" decoding=\"async\" width=\"679\" height=\"960\" src=\"https:\/\/www.orgevalreims.org\/wp-content\/uploads\/2020\/02\/86260315_2308079046099396_465612877663830016_o.jpg\" alt=\"\" class=\"wp-image-4427\" srcset=\"https:\/\/www.orgevalreims.org\/wp-content\/uploads\/2020\/02\/86260315_2308079046099396_465612877663830016_o.jpg 679w, https:\/\/www.orgevalreims.org\/wp-content\/uploads\/2020\/02\/86260315_2308079046099396_465612877663830016_o-212x300.jpg 212w\" sizes=\"auto, (max-width: 679px) 100vw, 679px\" \/><\/figure>\n<\/div>\n\n\n<p>\nLa Maison de quartier vous propose de venir fabriquer votre mangeoire \u00e0 oiseaux.<br>\n Profitez d&rsquo;un moment en famille, entre amis ou voisins pour apprendre \u00e0\n utiliser des outils (scie-sauteuse, perceuse, etc. ). Atelier gratuit \nmais seulement 10 places par s\u00e9ance, n&rsquo;oubliez de vous inscrire \ndirectement \u00e0 l&rsquo;accueil de la Maison de quartier ou par t\u00e9l\u00e9phone au \n03.26.09.39.30\n\n<\/p>\n","protected":false},"excerpt":{"rendered":"<p>La Maison de quartier vous propose de venir fabriquer votre mangeoire \u00e0 oiseaux. Profitez d&rsquo;un moment en famille, entre amis ou voisins pour apprendre \u00e0 &hellip;<\/p>\n","protected":false},"author":2,"featured_media":7899,"comment_status":"open","ping_status":"open","sticky":false,"template":"","format":"standard","meta":{"_themeisle_gutenberg_block_has_review":false,"footnotes":""},"categories":[1],"tags":[],"class_list":["post-4426","post","type-post","status-publish","format-standard","has-post-thumbnail","hentry","category-actualite-orgeval-des-actions-en-cours-et-a-venir"],"_links":{"self":[{"href":"https:\/\/www.orgevalreims.org\/index.php?rest_route=\/wp\/v2\/posts\/4426","targetHints":{"allow":["GET"]}}],"collection":[{"href":"https:\/\/www.orgevalreims.org\/index.php?rest_route=\/wp\/v2\/posts"}],"about":[{"href":"https:\/\/www.orgevalreims.org\/index.php?rest_route=\/wp\/v2\/types\/post"}],"author":[{"embeddable":true,"href":"https:\/\/www.orgevalreims.org\/index.php?rest_route=\/wp\/v2\/users\/2"}],"replies":[{"embeddable":true,"href":"https:\/\/www.orgevalreims.org\/index.php?rest_route=%2Fwp%2Fv2%2Fcomments&post=4426"}],"version-history":[{"count":3,"href":"https:\/\/www.orgevalreims.org\/index.php?rest_route=\/wp\/v2\/posts\/4426\/revisions"}],"predecessor-version":[{"id":7900,"href":"https:\/\/www.orgevalreims.org\/index.php?rest_route=\/wp\/v2\/posts\/4426\/revisions\/7900"}],"wp:featuredmedia":[{"embeddable":true,"href":"https:\/\/www.orgevalreims.org\/index.php?rest_route=\/wp\/v2\/media\/7899"}],"wp:attachment":[{"href":"https:\/\/www.orgevalreims.org\/index.php?rest_route=%2Fwp%2Fv2%2Fmedia&parent=4426"}],"wp:term":[{"taxonomy":"category","embeddable":true,"href":"https:\/\/www.orgevalreims.org\/index.php?rest_route=%2Fwp%2Fv2%2Fcategories&post=4426"},{"taxonomy":"post_tag","embeddable":true,"href":"https:\/\/www.orgevalreims.org\/index.php?rest_route=%2Fwp%2Fv2%2Ftags&post=4426"}],"curies":[{"name":"wp","href":"https:\/\/api.w.org\/{rel}","templated":true}]}}