{"id":4098,"date":"2019-09-09T09:30:23","date_gmt":"2019-09-09T07:30:23","guid":{"rendered":"http:\/\/www.orgevalreims.org\/?p=4098"},"modified":"2022-06-10T11:43:38","modified_gmt":"2022-06-10T09:43:38","slug":"grain-dorg-le-29-08-2019","status":"publish","type":"post","link":"https:\/\/www.orgevalreims.org\/?p=4098","title":{"rendered":"GRAIN D&rsquo;ORG le 29 08 2019."},"content":{"rendered":"<p>&nbsp;<\/p>\n<p><strong>Ce jeudi 29 ao\u00fbt, \u00e0 11H au 37 rue Dr Schweitze, visite du Grain d&rsquo;Org. <\/strong><\/p>\n<p>Il y avait Mme Willer, Vice-pr\u00e9sidente \u2013 D\u00e9l\u00e9gation \u00e0 la Transition \u00e9cologique et \u00e9nerg\u00e9tique R\u00e9gion Grand Est,<\/p>\n<p>Elle \u00e9tait accompagn\u00e9e par<\/p>\n<p>Benoit Grandmougin, chef de service eaux et biodiversit\u00e9.<\/p>\n<p>Mme Petitjean, collaboratrice de Mme Willer.<\/p>\n<p>Il y avait aussi la pr\u00e9sence de plusieurs personnalit\u00e9s :<\/p>\n<p>M. Dominique LEVEQUE, Pr\u00e9sident du Parc naturel r\u00e9gional,<\/p>\n<p>M. Olaf HOLM, Directeur du Parc naturel r\u00e9gional,<\/p>\n<p>M. Laurent DOUCET, D\u00e9l\u00e9gu\u00e9 du pr\u00e9fet,<\/p>\n<p>M. Fran\u00e7ois TOUBLAN, Directeur VFSDST,<\/p>\n<p>Mme Marie-Christine CHATEL, Adjointe de Direction \u2013 D\u00e9veloppement Social des Territoires \u2013 m\u00e9diation sociale,<\/p>\n<p>M. Gabriel D\u2019ELLOYE, Pr\u00e9sident des Maisons de Quartier de Reims,<\/p>\n<p>Mme Marie CHAPPUT, Directrice de la Maison de Quartier Orgeval,<\/p>\n<p>Mme S\u00e9verine PATINET, Coordinatrice \u00e0 la Maison de Quartier Orgeval,<\/p>\n<p>Et des habitants mobilis\u00e9s depuis le d\u00e9but sur le projet&nbsp;: Katy Maher, St\u00e9phane, St\u00e9phanie<\/p>\n<p>&nbsp;<\/p>\n<p><a href=\"https:\/\/www.orgevalreims.org\/wp-content\/uploads\/2019\/09\/P1170474.jpg\"><img loading=\"lazy\" decoding=\"async\" class=\"aligncenter size-large wp-image-4099\" src=\"https:\/\/www.orgevalreims.org\/wp-content\/uploads\/2019\/09\/P1170474-1024x768.jpg\" alt=\"\" width=\"676\" height=\"507\" srcset=\"https:\/\/www.orgevalreims.org\/wp-content\/uploads\/2019\/09\/P1170474-1024x768.jpg 1024w, https:\/\/www.orgevalreims.org\/wp-content\/uploads\/2019\/09\/P1170474-300x225.jpg 300w, https:\/\/www.orgevalreims.org\/wp-content\/uploads\/2019\/09\/P1170474-768x576.jpg 768w, https:\/\/www.orgevalreims.org\/wp-content\/uploads\/2019\/09\/P1170474-676x507.jpg 676w\" sizes=\"auto, (max-width: 676px) 100vw, 676px\" \/><\/a><\/p>\n<ul>\n<li><a href=\"https:\/\/www.orgevalreims.org\/wp-content\/uploads\/2019\/09\/P1170475.jpg\"><img loading=\"lazy\" decoding=\"async\" class=\"aligncenter size-large wp-image-4100\" src=\"https:\/\/www.orgevalreims.org\/wp-content\/uploads\/2019\/09\/P1170475-1024x768.jpg\" alt=\"\" width=\"676\" height=\"507\" srcset=\"https:\/\/www.orgevalreims.org\/wp-content\/uploads\/2019\/09\/P1170475-1024x768.jpg 1024w, https:\/\/www.orgevalreims.org\/wp-content\/uploads\/2019\/09\/P1170475-300x225.jpg 300w, https:\/\/www.orgevalreims.org\/wp-content\/uploads\/2019\/09\/P1170475-768x576.jpg 768w, https:\/\/www.orgevalreims.org\/wp-content\/uploads\/2019\/09\/P1170475-676x507.jpg 676w\" sizes=\"auto, (max-width: 676px) 100vw, 676px\" \/><\/a><\/li>\n<li><a href=\"https:\/\/www.orgevalreims.org\/wp-content\/uploads\/2019\/09\/P1170476.jpg\"><img loading=\"lazy\" decoding=\"async\" class=\"aligncenter size-large wp-image-4101\" src=\"https:\/\/www.orgevalreims.org\/wp-content\/uploads\/2019\/09\/P1170476-1024x768.jpg\" alt=\"\" width=\"676\" height=\"507\" srcset=\"https:\/\/www.orgevalreims.org\/wp-content\/uploads\/2019\/09\/P1170476-1024x768.jpg 1024w, https:\/\/www.orgevalreims.org\/wp-content\/uploads\/2019\/09\/P1170476-300x225.jpg 300w, https:\/\/www.orgevalreims.org\/wp-content\/uploads\/2019\/09\/P1170476-768x576.jpg 768w, https:\/\/www.orgevalreims.org\/wp-content\/uploads\/2019\/09\/P1170476-676x507.jpg 676w\" sizes=\"auto, (max-width: 676px) 100vw, 676px\" \/><\/a> <a href=\"https:\/\/www.orgevalreims.org\/wp-content\/uploads\/2019\/09\/P1170477.jpg\"><img loading=\"lazy\" decoding=\"async\" class=\"aligncenter size-large wp-image-4102\" src=\"https:\/\/www.orgevalreims.org\/wp-content\/uploads\/2019\/09\/P1170477-1024x768.jpg\" alt=\"\" width=\"676\" height=\"507\" srcset=\"https:\/\/www.orgevalreims.org\/wp-content\/uploads\/2019\/09\/P1170477-1024x768.jpg 1024w, https:\/\/www.orgevalreims.org\/wp-content\/uploads\/2019\/09\/P1170477-300x225.jpg 300w, https:\/\/www.orgevalreims.org\/wp-content\/uploads\/2019\/09\/P1170477-768x576.jpg 768w, https:\/\/www.orgevalreims.org\/wp-content\/uploads\/2019\/09\/P1170477-676x507.jpg 676w\" sizes=\"auto, (max-width: 676px) 100vw, 676px\" \/><\/a><\/li>\n<li><\/li>\n<li><a href=\"https:\/\/www.orgevalreims.org\/wp-content\/uploads\/2019\/09\/P1170478.jpg\"><img loading=\"lazy\" decoding=\"async\" class=\"aligncenter size-large wp-image-4103\" src=\"https:\/\/www.orgevalreims.org\/wp-content\/uploads\/2019\/09\/P1170478-1024x768.jpg\" alt=\"\" width=\"676\" height=\"507\" srcset=\"https:\/\/www.orgevalreims.org\/wp-content\/uploads\/2019\/09\/P1170478-1024x768.jpg 1024w, https:\/\/www.orgevalreims.org\/wp-content\/uploads\/2019\/09\/P1170478-300x225.jpg 300w, https:\/\/www.orgevalreims.org\/wp-content\/uploads\/2019\/09\/P1170478-768x576.jpg 768w, https:\/\/www.orgevalreims.org\/wp-content\/uploads\/2019\/09\/P1170478-676x507.jpg 676w\" sizes=\"auto, (max-width: 676px) 100vw, 676px\" \/><\/a><\/li>\n<li><a href=\"https:\/\/www.orgevalreims.org\/wp-content\/uploads\/2019\/09\/P1170479.jpg\"><img loading=\"lazy\" decoding=\"async\" class=\"aligncenter size-large wp-image-4104\" src=\"https:\/\/www.orgevalreims.org\/wp-content\/uploads\/2019\/09\/P1170479-1024x768.jpg\" alt=\"\" width=\"676\" height=\"507\" srcset=\"https:\/\/www.orgevalreims.org\/wp-content\/uploads\/2019\/09\/P1170479-1024x768.jpg 1024w, https:\/\/www.orgevalreims.org\/wp-content\/uploads\/2019\/09\/P1170479-300x225.jpg 300w, https:\/\/www.orgevalreims.org\/wp-content\/uploads\/2019\/09\/P1170479-768x576.jpg 768w, https:\/\/www.orgevalreims.org\/wp-content\/uploads\/2019\/09\/P1170479-676x507.jpg 676w\" sizes=\"auto, (max-width: 676px) 100vw, 676px\" \/><\/a><\/li>\n<li><a href=\"https:\/\/www.orgevalreims.org\/wp-content\/uploads\/2019\/09\/P1170480.jpg\"><img loading=\"lazy\" decoding=\"async\" class=\"aligncenter size-large wp-image-4105\" src=\"https:\/\/www.orgevalreims.org\/wp-content\/uploads\/2019\/09\/P1170480-1024x768.jpg\" alt=\"\" width=\"676\" height=\"507\" srcset=\"https:\/\/www.orgevalreims.org\/wp-content\/uploads\/2019\/09\/P1170480-1024x768.jpg 1024w, https:\/\/www.orgevalreims.org\/wp-content\/uploads\/2019\/09\/P1170480-300x225.jpg 300w, https:\/\/www.orgevalreims.org\/wp-content\/uploads\/2019\/09\/P1170480-768x576.jpg 768w, https:\/\/www.orgevalreims.org\/wp-content\/uploads\/2019\/09\/P1170480-676x507.jpg 676w\" sizes=\"auto, (max-width: 676px) 100vw, 676px\" \/><\/a><\/li>\n<li>photos de : Khalid Ramali association CREADEV<\/li>\n<\/ul>\n","protected":false},"excerpt":{"rendered":"<p>&nbsp; Ce jeudi 29 ao\u00fbt, \u00e0 11H au 37 rue Dr Schweitze, visite du Grain d&rsquo;Org. Il y avait Mme Willer, Vice-pr\u00e9sidente \u2013 D\u00e9l\u00e9gation \u00e0 &hellip;<\/p>\n","protected":false},"author":2,"featured_media":0,"comment_status":"open","ping_status":"open","sticky":false,"template":"","format":"gallery","meta":{"_themeisle_gutenberg_block_has_review":false,"footnotes":""},"categories":[180],"tags":[169],"class_list":["post-4098","post","type-post","status-publish","format-gallery","hentry","category-nature-a-orgeval","tag-khalid-ramali","post_format-post-format-gallery"],"_links":{"self":[{"href":"https:\/\/www.orgevalreims.org\/index.php?rest_route=\/wp\/v2\/posts\/4098","targetHints":{"allow":["GET"]}}],"collection":[{"href":"https:\/\/www.orgevalreims.org\/index.php?rest_route=\/wp\/v2\/posts"}],"about":[{"href":"https:\/\/www.orgevalreims.org\/index.php?rest_route=\/wp\/v2\/types\/post"}],"author":[{"embeddable":true,"href":"https:\/\/www.orgevalreims.org\/index.php?rest_route=\/wp\/v2\/users\/2"}],"replies":[{"embeddable":true,"href":"https:\/\/www.orgevalreims.org\/index.php?rest_route=%2Fwp%2Fv2%2Fcomments&post=4098"}],"version-history":[{"count":4,"href":"https:\/\/www.orgevalreims.org\/index.php?rest_route=\/wp\/v2\/posts\/4098\/revisions"}],"predecessor-version":[{"id":4345,"href":"https:\/\/www.orgevalreims.org\/index.php?rest_route=\/wp\/v2\/posts\/4098\/revisions\/4345"}],"wp:attachment":[{"href":"https:\/\/www.orgevalreims.org\/index.php?rest_route=%2Fwp%2Fv2%2Fmedia&parent=4098"}],"wp:term":[{"taxonomy":"category","embeddable":true,"href":"https:\/\/www.orgevalreims.org\/index.php?rest_route=%2Fwp%2Fv2%2Fcategories&post=4098"},{"taxonomy":"post_tag","embeddable":true,"href":"https:\/\/www.orgevalreims.org\/index.php?rest_route=%2Fwp%2Fv2%2Ftags&post=4098"}],"curies":[{"name":"wp","href":"https:\/\/api.w.org\/{rel}","templated":true}]}}