{"id":4024,"date":"2019-06-06T20:01:26","date_gmt":"2019-06-06T18:01:26","guid":{"rendered":"http:\/\/www.orgevalreims.org\/?p=4024"},"modified":"2022-06-10T11:49:06","modified_gmt":"2022-06-10T09:49:06","slug":"nature-a-orgeval","status":"publish","type":"post","link":"https:\/\/www.orgevalreims.org\/?p=4024","title":{"rendered":"NATURE A ORGEVAL"},"content":{"rendered":"<p>Cet apr\u00e8s-midi, les jeunes de la Maison de Quartier 3 Fontaines ont explor\u00e9 tous les espaces du Grain d&rsquo;Org, carr\u00e9 de biodiversit\u00e9 am\u00e9nag\u00e9 par <a class=\"profileLink\" href=\"https:\/\/www.facebook.com\/reimshabitat.officiel\/?__tn__=K-R&amp;eid=ARDm7DqT33SE2PynNbvsb7Vm_NGLw1namtuXx_VmMWuGB1jCA5cJSaW42ggXMJCEWuAA1HXw2YAJGsoG&amp;fref=mentions&amp;__xts__%5B0%5D=68.ARBkwt1syoFwQPALXjy68WdBv5AGlKVKyASMFBx3UZk3aE4VQK2wJ5w8U4tJtDmHyCDDRwD3jldOBJhu6xffoniUfPE-B1vtSzt1pOkoFuyPofmwmwcowu39rtp0yfMVW9b9mnNKtYaDGqnoVTx9UB9Dr_fh748onhOBnS8doxi_eiZsaF_PyAC5xKKHm4YBhEPNo3l1-V654fVFJZNBSYYnC6hVrHFeMzTbMpY3mpPIsFKql9hatak5AMflZa3yNmTvQ3uuaQIT-wMVAVXG7_nR-KHXOBuN4PKRh7NnO4MO-7NOvz2bftJWSO8whwgDIH3Aj5DIOqUwd50-E7n7lgtj752IO4ePYXgTkiWRITjArIfuH60znA\" data-hovercard=\"\/ajax\/hovercard\/page.php?id=768035266709703&amp;extragetparams=%7B%22__tn__%22%3A%22%2CdK-R-R%22%2C%22eid%22%3A%22ARDm7DqT33SE2PynNbvsb7Vm_NGLw1namtuXx_VmMWuGB1jCA5cJSaW42ggXMJCEWuAA1HXw2YAJGsoG%22%2C%22fref%22%3A%22mentions%22%7D\" data-hovercard-prefer-more-content-show=\"1\">Reims habitat<\/a>, au c\u0153ur du quartier Orgeval. <span class=\"_5mfr\"><span class=\"_6qdm\">&#x1f33f;<\/span><\/span><span class=\"_5mfr\"><span class=\"_6qdm\">&#x1f577;<\/span><\/span><span class=\"_5mfr\"><span class=\"_6qdm\">&#x1f337;<\/span><\/span><\/p>\n<p>Ce moment, accompagn\u00e9 des animateurs du <a class=\"profileLink\" href=\"https:\/\/www.facebook.com\/ParcMontagnedeReims\/?__tn__=K-R&amp;eid=ARCQ8dIynN9GdwTYW7Fx92L6ccUJqbUrotmwJuQExLbGBqDSVOJKoikn_ALyy1PKZxWQZrwkczR9M84t&amp;fref=mentions&amp;__xts__%5B0%5D=68.ARBkwt1syoFwQPALXjy68WdBv5AGlKVKyASMFBx3UZk3aE4VQK2wJ5w8U4tJtDmHyCDDRwD3jldOBJhu6xffoniUfPE-B1vtSzt1pOkoFuyPofmwmwcowu39rtp0yfMVW9b9mnNKtYaDGqnoVTx9UB9Dr_fh748onhOBnS8doxi_eiZsaF_PyAC5xKKHm4YBhEPNo3l1-V654fVFJZNBSYYnC6hVrHFeMzTbMpY3mpPIsFKql9hatak5AMflZa3yNmTvQ3uuaQIT-wMVAVXG7_nR-KHXOBuN4PKRh7NnO4MO-7NOvz2bftJWSO8whwgDIH3Aj5DIOqUwd50-E7n7lgtj752IO4ePYXgTkiWRITjArIfuH60znA\" data-hovercard=\"\/ajax\/hovercard\/page.php?id=205536289494199&amp;extragetparams=%7B%22__tn__%22%3A%22%2CdK-R-R%22%2C%22eid%22%3A%22ARCQ8dIynN9GdwTYW7Fx92L6ccUJqbUrotmwJuQExLbGBqDSVOJKoikn_ALyy1PKZxWQZrwkczR9M84t%22%2C%22fref%22%3A%22mentions%22%7D\" data-hovercard-prefer-more-content-show=\"1\">Parc naturel r\u00e9gional de la Montagne de Reims<\/a>, leur a permis d&rsquo;apprendre \u00e0 reconnaitre les arbres, les fleurs, les fruits et les petites b\u00eates mais \u00e9galement d&rsquo;en comprendre leur r\u00f4le. Le but \u00e9tant de les sensibiliser <span class=\"text_exposed_show\">\u00e0 l&rsquo;environnement et \u00e0 la pr\u00e9servation de leur cadre de vie et des espaces naturels.<\/span><\/p>\n<div class=\"text_exposed_show\">\n<p>&#8212;-<\/p>\n<p>\u25b7 Retrouvez le programme de toutes les actions men\u00e9es par Reims habitat lors de cette semaine : <a href=\"https:\/\/bit.ly\/2HGqyU5?fbclid=IwAR0cAbF-7lbKe_P-oSQ-XaRnR1AEPp1uTmSIBDmUDWVL9o6_b0MzIgeFy9Q\" target=\"_blank\" rel=\"nofollow noopener noreferrer\" data-ft=\"{&quot;tn&quot;:&quot;-U&quot;}\" data-lynx-mode=\"async\" data-lynx-uri=\"https:\/\/l.facebook.com\/l.php?u=https%3A%2F%2Fbit.ly%2F2HGqyU5%3Ffbclid%3DIwAR0cAbF-7lbKe_P-oSQ-XaRnR1AEPp1uTmSIBDmUDWVL9o6_b0MzIgeFy9Q&amp;h=AT2UJ9ClSZAprRGOJGfOUDTAT9KawjsX6CmQSq408drCG7YzNIEGiRLoHqof5pNL8RZJsQRRro_KdiLHA981b-svkdxQ3LM53eVLSg0HBSV25gUI4tFrfqcsOX3-JYbjjEfmBGCK48Epl4GnAJqdmc8Gq-4wubIKeCInUZDrQuEc6ehKd2csRWftOdeUox_wBEb098SK5kkMEct_C-KYIWK3dbadP85RX_PhQbYd6tPI7agt4mofAtVoSsyFopLAF7j74nN4l3u1c_pvbzfkc1uowaNB5wYzFmI_5wD8RrlRDVmK2EjPgaj06fumiFjD0HIaV2dUNy358OqSVNCEK9fnKTlOHJ6UNXZdR6YUGBr8TgCkDApwlwGCRoOwWWVw0pDURsBu-4ZbVwAbXOYmb_-Xi1nZK_ffwR2c4rcKBTsxxdN6p4EefAwadRZBTvWEijPgeO7ss9B5W0kWiC8wTGTY_ziT2M2ZvjFFp8zVcQoPvtlmO5OXajw1FmRvZA4BB0a64lOXIaTZro2hlrLFns3ELAJAY2I89P1pbMQvUUqqye-61XR3HGHscY7MzJ8hGDlmG-wD8p2vNZq1iUIihjBckryi4Lp-KZr68H4uTg8E7xVn_2ZI_hxn6W_PVKsTQbnz7INJ7q2cPORSbib2y3mm0u5ug5FA1X3QGaZmI6A\">http:\/\/bit.ly\/2HGqyU5<\/a><\/p>\n<\/div>\n","protected":false},"excerpt":{"rendered":"<p>Cet apr\u00e8s-midi, les jeunes de la Maison de Quartier 3 Fontaines ont explor\u00e9 tous les espaces du Grain d&rsquo;Org, carr\u00e9 de biodiversit\u00e9 am\u00e9nag\u00e9 par Reims &hellip;<\/p>\n","protected":false},"author":2,"featured_media":0,"comment_status":"open","ping_status":"open","sticky":false,"template":"","format":"standard","meta":{"_themeisle_gutenberg_block_has_review":false,"footnotes":""},"categories":[180],"tags":[181],"class_list":["post-4024","post","type-post","status-publish","format-standard","hentry","category-nature-a-orgeval","tag-khalid-ramali-nature-orgeval-mdq-reims-habitat"],"_links":{"self":[{"href":"https:\/\/www.orgevalreims.org\/index.php?rest_route=\/wp\/v2\/posts\/4024","targetHints":{"allow":["GET"]}}],"collection":[{"href":"https:\/\/www.orgevalreims.org\/index.php?rest_route=\/wp\/v2\/posts"}],"about":[{"href":"https:\/\/www.orgevalreims.org\/index.php?rest_route=\/wp\/v2\/types\/post"}],"author":[{"embeddable":true,"href":"https:\/\/www.orgevalreims.org\/index.php?rest_route=\/wp\/v2\/users\/2"}],"replies":[{"embeddable":true,"href":"https:\/\/www.orgevalreims.org\/index.php?rest_route=%2Fwp%2Fv2%2Fcomments&post=4024"}],"version-history":[{"count":2,"href":"https:\/\/www.orgevalreims.org\/index.php?rest_route=\/wp\/v2\/posts\/4024\/revisions"}],"predecessor-version":[{"id":4348,"href":"https:\/\/www.orgevalreims.org\/index.php?rest_route=\/wp\/v2\/posts\/4024\/revisions\/4348"}],"wp:attachment":[{"href":"https:\/\/www.orgevalreims.org\/index.php?rest_route=%2Fwp%2Fv2%2Fmedia&parent=4024"}],"wp:term":[{"taxonomy":"category","embeddable":true,"href":"https:\/\/www.orgevalreims.org\/index.php?rest_route=%2Fwp%2Fv2%2Fcategories&post=4024"},{"taxonomy":"post_tag","embeddable":true,"href":"https:\/\/www.orgevalreims.org\/index.php?rest_route=%2Fwp%2Fv2%2Ftags&post=4024"}],"curies":[{"name":"wp","href":"https:\/\/api.w.org\/{rel}","templated":true}]}}