{"id":3988,"date":"2019-05-02T20:43:33","date_gmt":"2019-05-02T18:43:33","guid":{"rendered":"http:\/\/www.orgevalreims.org\/?p=3988"},"modified":"2022-06-10T12:03:05","modified_gmt":"2022-06-10T10:03:05","slug":"infos-cadre-de-vie-et-pigeons","status":"publish","type":"post","link":"https:\/\/www.orgevalreims.org\/?p=3988","title":{"rendered":"CADRE DE VIE ET PIGEONS"},"content":{"rendered":"<p><img decoding=\"async\" class=\"spotlight aligncenter\" src=\"https:\/\/scontent-cdg2-1.xx.fbcdn.net\/v\/t1.0-9\/59454568_1240095469503678_7503162429929422848_n.png?_nc_cat=100&amp;_nc_ht=scontent-cdg2-1.xx&amp;oh=9f646bc5c3439f6c2368ff6d85474c63&amp;oe=5D31BE44\" alt=\"Aucune description de photo disponible.\" \/><\/p>\n<div id=\"id_5ccb39f012b7e7a22170755\" class=\"text_exposed_root text_exposed\">Il est interdit de nourrir sur votre balcon ou par vos fen\u00eatres des petits oiseaux comme des m\u00e9sanges, verdiers ou moineaux&#8230;<\/p>\n<p>En effet, cette nourriture peut attirer des pigeons ou des rats qui viennent provoquer des nuisances sur votre quartier (jardini\u00e8res endommag\u00e9es, d\u00e9jections\u2026).<\/p>\n<p>En cas de forte pr\u00e9sence de pigeons ou autres nuisibles, vous pouvez vous renseigner aupr\u00e8s de la Direction Solidarit\u00e9 et Sant\u00e9 publique de la <a href=\"https:\/\/www.facebook.com\/villereims\/?__xts__%5B0%5D=68.ARBBFvCDgtMcHZxuXFxAQsnulUsXjcZHEyoJsJtlIiI7l5KpGxppnJoBoXEjRZIFkK0gQ4KxagXH8zbM8tkPGUAZ8mTgHE6guhOWuhTscpTCB93eSB82I0OekNal6o0XuK0AnigJWBl-MZBqCv6Tix7I69JfgGHLAUVEDP_pkz7WZOfyNBblo3xikWeMlziq8fiG83vJOsGu5DEmYMOLyGon6eOTnrOw1HdJ-0CI6Ub6qaVkN7HNwJd8izfsykkxo8AbiSl72eCN5Q9keU-MVBXu3z6TXIPyEsQT8Q4oGVqtY4HvXC269UmrwJ_UwM95uKPMdPqHRUc4zIgu7X0D9vCf_I7m8p_bLf8V6_tyheyY86RkYhACdeX0&amp;__xts__%5B1%5D=68.ARBr9PXNz9BJpqBvCHEapc2zatNGkXkDz95x9QJnCRtWEWEvDtk8BclgCFpe-oXofzMeHVf-W2bv9Al5tcXB-t9JXvsMoGr3b5s2D6c4-Fw7NbWswKKQRtkPeI74KaCDElyR5sGTSuCSIIwsWzBwNofPGOWquGKTfqfJQDImf7JJ4diSHImzbQHnmXgesR7GhwJSI1sKQwWDt3JUP5ZpCFKEsItG2TecE0hymVj62gbcQNmpZBWAazaWPujdMNmgCw0jg9kKmDSINA5LrbrEik6bjtYheo104wkr8V4sSjBpMAKfOzbd1NYmdf562MdEOleQuW1BEjldWEMOnhl7o66VIkj_LotMTgWTUumVpbZIpfz6L4GgBFNk7uc8GuG7O54bvA&amp;__tn__=K%2AF&amp;eid=ARAzg3qnuwxyrqfSOFwfRK924mkwG5AzGvp-ULGGbz2HzZ1FKGp2GpMXa6XPJEIotedNbNG3tPF5fGMD\" data-hovercard=\"\/ajax\/hovercard\/page.php?id=261046444052341&amp;extragetparams=%7B%22__tn__%22%3A%22%2CdK%2AF-R%22%2C%22eid%22%3A%22ARAzg3qnuwxyrqfSOFwfRK924mkwG5AzGvp-ULGGbz2HzZ1FKGp2GpMXa6XPJEIotedNbNG3tPF5fGMD%22%2C%22directed_target_id%22%3Anull%2C%22groups_location%22%3Anull%7D\" data-hovercard-prefer-more-content-show=\"1\">Ville de Reims<\/a> en appelant le 03.26.35.68.80. Le cas \u00e9ch\u00e9ant, le Service 3D \u00ab\u00a0d\u00e9ratisation, d\u00e9sinsectisation et d\u00e9sinfection\u00a0\u00bb pourra \u00eatre amen\u00e9 \u00e0 intervenir.<\/p>\n<p>Afin d\u2019\u00e9loigner les pigeons, vous pouvez \u00e9galement utiliser des solutions anti-pigeons tels que les sprays, gels et granul\u00e9s r\u00e9pulsifs qui, une fois r\u00e9pandus sur les terrasses ou balcons, peuvent repousser, par leur odeur, les pigeons qui y atterrissent.<\/p>\n<p>\u25b7 Pour en savoir plus sur la lutte contre les pigeons \u00e0 Reims : <a href=\"https:\/\/bit.ly\/2Vz8YJm?fbclid=IwAR3j1BWy-7X_k89Z2u02WzOp3oJpLu3cAeakvAbEX3ii-oZAvDBCrlkK5Sk\" target=\"_blank\" rel=\"nofollow noopener noreferrer\" data-lynx-mode=\"async\" data-lynx-uri=\"https:\/\/l.facebook.com\/l.php?u=https%3A%2F%2Fbit.ly%2F2Vz8YJm%3Ffbclid%3DIwAR3j1BWy-7X_k89Z2u02WzOp3oJpLu3cAeakvAbEX3ii-oZAvDBCrlkK5Sk&amp;h=AT1hVH16L_UcVzuR4MOpIRn6cXr1CXXfxtcrpTZnzvCQoopbWobm4aqsswD0hYgSFYQ8GGuz8eoLMBTOaskgyR_N2i4d-nuXgiLKehXBFo2QmzsIdAuDDGHQ56naEP0HmD1lCGG0Cd5oa488KUIf_LLMA8cnZAq6MU6YXR6RHEfGDEQ9lvFuJBAk5Yoclmz54GhFlCjQDFcd7-hV2IzCaMin-tXnTmqrE9SxeOWMV69IGZAJ-6SIV7g9wvV0HLut8S4zNpZu9kzePaPLSBtXBsJO6DKtsPLwVLzkQ7qw9hlsWYps9cFvp-UV1GMKQq8K7_ifyH3SYqJ7aQFyfdDqqFJhtE5UgjQRWHrOJ5mcQN7esRrWhQWAkK8mrYcLsDOgREaE7Z8zQSt80IhKB7YHiEco8ud0zJPV-02RNUxU93lvFa28_O1i23fvPZZtIZNg5O4gTtpYT5zlAaWf8hR_vAkPtfNlmgcODVgNEUrBdm1NWNUQid5RtOi0cvmzMZow6rjuRkSzfQB9KU5Aemv-DNmpRfQpKz7MZ9axFWPotRevRNM7mAfO-U57FfhAXjdEwbLgMfbOyMzrZL120Xhdj9e74oOD1Sd5Sm18SNoGZsbz9_PHEmbjG7nUTh2h3ft-lOpzh7C80PzSj8KRtvBHnLIA-mhY6xnfvqnGvMs\">https:\/\/bit.ly\/2Vz8YJm<\/a><\/p>\n<\/div>\n<div id=\"fbPhotoSnowliftCTMButton\"><\/div>\n","protected":false},"excerpt":{"rendered":"<p>Il est interdit de nourrir sur votre balcon ou par vos fen\u00eatres des petits oiseaux comme des m\u00e9sanges, verdiers ou moineaux&#8230; En effet, cette nourriture &hellip;<\/p>\n","protected":false},"author":2,"featured_media":0,"comment_status":"open","ping_status":"open","sticky":false,"template":"","format":"standard","meta":{"_themeisle_gutenberg_block_has_review":false,"footnotes":""},"categories":[180],"tags":[174],"class_list":["post-3988","post","type-post","status-publish","format-standard","hentry","category-nature-a-orgeval","tag-khalid-ramali-reims-habitat"],"_links":{"self":[{"href":"https:\/\/www.orgevalreims.org\/index.php?rest_route=\/wp\/v2\/posts\/3988","targetHints":{"allow":["GET"]}}],"collection":[{"href":"https:\/\/www.orgevalreims.org\/index.php?rest_route=\/wp\/v2\/posts"}],"about":[{"href":"https:\/\/www.orgevalreims.org\/index.php?rest_route=\/wp\/v2\/types\/post"}],"author":[{"embeddable":true,"href":"https:\/\/www.orgevalreims.org\/index.php?rest_route=\/wp\/v2\/users\/2"}],"replies":[{"embeddable":true,"href":"https:\/\/www.orgevalreims.org\/index.php?rest_route=%2Fwp%2Fv2%2Fcomments&post=3988"}],"version-history":[{"count":4,"href":"https:\/\/www.orgevalreims.org\/index.php?rest_route=\/wp\/v2\/posts\/3988\/revisions"}],"predecessor-version":[{"id":4683,"href":"https:\/\/www.orgevalreims.org\/index.php?rest_route=\/wp\/v2\/posts\/3988\/revisions\/4683"}],"wp:attachment":[{"href":"https:\/\/www.orgevalreims.org\/index.php?rest_route=%2Fwp%2Fv2%2Fmedia&parent=3988"}],"wp:term":[{"taxonomy":"category","embeddable":true,"href":"https:\/\/www.orgevalreims.org\/index.php?rest_route=%2Fwp%2Fv2%2Fcategories&post=3988"},{"taxonomy":"post_tag","embeddable":true,"href":"https:\/\/www.orgevalreims.org\/index.php?rest_route=%2Fwp%2Fv2%2Ftags&post=3988"}],"curies":[{"name":"wp","href":"https:\/\/api.w.org\/{rel}","templated":true}]}}