{"id":3986,"date":"2019-04-29T19:34:27","date_gmt":"2019-04-29T17:34:27","guid":{"rendered":"http:\/\/www.orgevalreims.org\/?p=3986"},"modified":"2022-06-10T11:49:22","modified_gmt":"2022-06-10T09:49:22","slug":"reims-habitat-a-orgeval","status":"publish","type":"post","link":"https:\/\/www.orgevalreims.org\/?p=3986","title":{"rendered":"NATURE A ORGEVAL TOUT UN PROGRAMME"},"content":{"rendered":"<p>En mai 2015, Reims habitat inaugurait le \u00ab Grain d\u2019Org\u2019 \u00bb, le carr\u00e9 de biodiversit\u00e9 du quartier Orgeval, cr\u00e9\u00e9 lors du premier Programme de Renouvellement Urbain<span class=\"text_exposed_show\"> connu par le quartier. Gr\u00e2ce au succ\u00e8s de ses activit\u00e9s et pour aller plus loin, Reims habitat a amorc\u00e9 un nouveau projet : <\/span><\/p>\n<p style=\"text-align: center;\"><span class=\"text_exposed_show\">\u00ab A la d\u00e9couverte des essences d\u2019Orgeval \u00bb<\/span><\/p>\n<p style=\"text-align: center;\">\n<div class=\"text_exposed_show\">\n<p>Ce projet propose des parcours ludiques tourn\u00e9s vers la d\u00e9couverte de la nature en ville et des espaces verts du quartier Orgeval qui \u00e9voluent ann\u00e9es apr\u00e8s ann\u00e9es dans le cadre des Programmes de Renouvellement Urbain.<\/p>\n<p>Il permet \u00e9galement de sensibiliser les habitants sur l\u2019environnement, l\u2019am\u00e9nagement des espaces verts, la biodiversit\u00e9\u2026 afin que ceux-ci en deviennent les premiers protecteurs et participent ainsi \u00e0 la qualit\u00e9 de leur cadre de vie.<\/p>\n<p>Ces parcours ont \u00e9t\u00e9 pens\u00e9s par diff\u00e9rents groupes : scolaire, associatifs, familles et habitants du quartier lors de leur promenade. Initi\u00e9s en 2018, ils seront test\u00e9s en 2019 avec la cr\u00e9ation de livrets r\u00e9alis\u00e9s par plusieurs publics concern\u00e9s : scolaires, extra-scolaires, familles et l\u2019accueil de loisirs de la Maison de quartier Orgeval.<\/p>\n<p>Ce projet est \u00e9galement f\u00e9d\u00e9rateur de partenaires : <a id=\"js_1o3\" class=\"profileLink\" href=\"https:\/\/www.facebook.com\/ParcMontagnedeReims\/?__tn__=KH-R&amp;eid=ARDJGiZI8j4sqiGinD5MHoxSTDk80xKbB1TXOQ_FMVCpACPruVxeLFQzopsItbyGsp2dxZ0EitS0aZEG&amp;fref=mentions&amp;__xts__%5B0%5D=68.ARBfmcbKBPUSMABm7Fzu5INThhk0GDKPBDhUkzu4pEH_PSe4m561L0NpCL0itPfy_hBziQ66q4qiH_iPKCtnDQBYIz8fxHxcjikJtBii2URvnVGiYgTxcijRqydWkPDXKy7U-2OzgezkW6IgqzxPeHztACVmCaotNnvsQSGpxsYN_SVT33u8Z4Yyy8pmYspqGJQpLUJjhFjWpRAs25RBvUKM7gCPkPP0NRLAAy0Ts55SXeggRpBDHqmamobEa5DewhLIk-UMl1FOg9cD3qsvkalLXQ8y61Tl-gugUG6uQ5VP9G-Mk_65n2LV5LciHbxSKVXSzRGgb7IyRoc2tiqFsC02vMcxxwbuKDFThqV6PqpILXM4sLxc0n7NYa0edcHvoybHyfeIuSxRfkipjzs8CaM_M12RJKbwYF5iCDPjSCLbEwGZ5pxfW8zwD3NfU6vZlIuqrmsW34kQiCPWdBb3Fh_OLibBwmZJPrBLkp0DTHzi3tZdrK7MrxK_OCPA\" data-hovercard=\"\/ajax\/hovercard\/page.php?id=205536289494199&amp;extragetparams=%7B%22__tn__%22%3A%22%2CdKH-R-R%22%2C%22eid%22%3A%22ARDJGiZI8j4sqiGinD5MHoxSTDk80xKbB1TXOQ_FMVCpACPruVxeLFQzopsItbyGsp2dxZ0EitS0aZEG%22%2C%22fref%22%3A%22mentions%22%7D\" data-hovercard-prefer-more-content-show=\"1\">Parc naturel r\u00e9gional de la Montagne de Reims<\/a>, <a class=\"profileLink\" href=\"https:\/\/www.facebook.com\/MaisondeQuartierOrgeval\/?__tn__=KH-R&amp;eid=ARAGuqqjo5hnSXOUr34CRm3H00WY2nHYSTC-ZsPMTT0JLmFVaEb8OPeyRre2xJfd3UCpW1cCjDvvEh-w&amp;fref=mentions&amp;__xts__%5B0%5D=68.ARBfmcbKBPUSMABm7Fzu5INThhk0GDKPBDhUkzu4pEH_PSe4m561L0NpCL0itPfy_hBziQ66q4qiH_iPKCtnDQBYIz8fxHxcjikJtBii2URvnVGiYgTxcijRqydWkPDXKy7U-2OzgezkW6IgqzxPeHztACVmCaotNnvsQSGpxsYN_SVT33u8Z4Yyy8pmYspqGJQpLUJjhFjWpRAs25RBvUKM7gCPkPP0NRLAAy0Ts55SXeggRpBDHqmamobEa5DewhLIk-UMl1FOg9cD3qsvkalLXQ8y61Tl-gugUG6uQ5VP9G-Mk_65n2LV5LciHbxSKVXSzRGgb7IyRoc2tiqFsC02vMcxxwbuKDFThqV6PqpILXM4sLxc0n7NYa0edcHvoybHyfeIuSxRfkipjzs8CaM_M12RJKbwYF5iCDPjSCLbEwGZ5pxfW8zwD3NfU6vZlIuqrmsW34kQiCPWdBb3Fh_OLibBwmZJPrBLkp0DTHzi3tZdrK7MrxK_OCPA\" data-hovercard=\"\/ajax\/hovercard\/page.php?id=1375003926073584&amp;extragetparams=%7B%22__tn__%22%3A%22%2CdKH-R-R%22%2C%22eid%22%3A%22ARAGuqqjo5hnSXOUr34CRm3H00WY2nHYSTC-ZsPMTT0JLmFVaEb8OPeyRre2xJfd3UCpW1cCjDvvEh-w%22%2C%22fref%22%3A%22mentions%22%7D\" data-hovercard-prefer-more-content-show=\"1\">Maison de Quartier Orgeval<\/a>, REP+, \u00e9coles maternelles et \u00e9l\u00e9mentaires Charpentier et Gallieni, association <a class=\"profileLink\" href=\"https:\/\/www.facebook.com\/Creadev-Orgeval-1897890780498448\/?__tn__=KH-R&amp;eid=ARB2KlAJ2gpEP-HbIfcjIJyAFJIn5Bp9cPy08Yf20G7MzqULb3uQydWnMGL23vQoACIVEjVAM_kJICd9&amp;fref=mentions&amp;__xts__%5B0%5D=68.ARBfmcbKBPUSMABm7Fzu5INThhk0GDKPBDhUkzu4pEH_PSe4m561L0NpCL0itPfy_hBziQ66q4qiH_iPKCtnDQBYIz8fxHxcjikJtBii2URvnVGiYgTxcijRqydWkPDXKy7U-2OzgezkW6IgqzxPeHztACVmCaotNnvsQSGpxsYN_SVT33u8Z4Yyy8pmYspqGJQpLUJjhFjWpRAs25RBvUKM7gCPkPP0NRLAAy0Ts55SXeggRpBDHqmamobEa5DewhLIk-UMl1FOg9cD3qsvkalLXQ8y61Tl-gugUG6uQ5VP9G-Mk_65n2LV5LciHbxSKVXSzRGgb7IyRoc2tiqFsC02vMcxxwbuKDFThqV6PqpILXM4sLxc0n7NYa0edcHvoybHyfeIuSxRfkipjzs8CaM_M12RJKbwYF5iCDPjSCLbEwGZ5pxfW8zwD3NfU6vZlIuqrmsW34kQiCPWdBb3Fh_OLibBwmZJPrBLkp0DTHzi3tZdrK7MrxK_OCPA\" data-hovercard=\"\/ajax\/hovercard\/page.php?id=1897890780498448&amp;extragetparams=%7B%22__tn__%22%3A%22%2CdKH-R-R%22%2C%22eid%22%3A%22ARB2KlAJ2gpEP-HbIfcjIJyAFJIn5Bp9cPy08Yf20G7MzqULb3uQydWnMGL23vQoACIVEjVAM_kJICd9%22%2C%22fref%22%3A%22mentions%22%7D\" data-hovercard-prefer-more-content-show=\"1\">Creadev Orgeval<\/a>, habitants du quartier Orgeval, <a class=\"profileLink\" href=\"https:\/\/www.facebook.com\/villereims\/?__tn__=KH-R&amp;eid=ARCP_56loX_Z11f8eVfjnJ8AANVFQQAfvBLhCGJMyQ2HSagn22sirmxpzgSaH6Bng4zK4METoyQ1AuCP&amp;fref=mentions&amp;__xts__%5B0%5D=68.ARBfmcbKBPUSMABm7Fzu5INThhk0GDKPBDhUkzu4pEH_PSe4m561L0NpCL0itPfy_hBziQ66q4qiH_iPKCtnDQBYIz8fxHxcjikJtBii2URvnVGiYgTxcijRqydWkPDXKy7U-2OzgezkW6IgqzxPeHztACVmCaotNnvsQSGpxsYN_SVT33u8Z4Yyy8pmYspqGJQpLUJjhFjWpRAs25RBvUKM7gCPkPP0NRLAAy0Ts55SXeggRpBDHqmamobEa5DewhLIk-UMl1FOg9cD3qsvkalLXQ8y61Tl-gugUG6uQ5VP9G-Mk_65n2LV5LciHbxSKVXSzRGgb7IyRoc2tiqFsC02vMcxxwbuKDFThqV6PqpILXM4sLxc0n7NYa0edcHvoybHyfeIuSxRfkipjzs8CaM_M12RJKbwYF5iCDPjSCLbEwGZ5pxfW8zwD3NfU6vZlIuqrmsW34kQiCPWdBb3Fh_OLibBwmZJPrBLkp0DTHzi3tZdrK7MrxK_OCPA\" data-hovercard=\"\/ajax\/hovercard\/page.php?id=261046444052341&amp;extragetparams=%7B%22__tn__%22%3A%22%2CdKH-R-R%22%2C%22eid%22%3A%22ARCP_56loX_Z11f8eVfjnJ8AANVFQQAfvBLhCGJMyQ2HSagn22sirmxpzgSaH6Bng4zK4METoyQ1AuCP%22%2C%22fref%22%3A%22mentions%22%7D\" data-hovercard-prefer-more-content-show=\"1\">Ville de Reims<\/a>, ainsi que le <a class=\"profileLink\" href=\"https:\/\/www.facebook.com\/grandreims\/?__tn__=KH-R&amp;eid=ARBcyhwx5zIdJJNsJR4x86dWTRn8Nunn3u_Bpb9w9o5qKFhmbq7iD5KBnbgROOfQSGZ3Z1apwMsgNp58&amp;fref=mentions&amp;__xts__%5B0%5D=68.ARBfmcbKBPUSMABm7Fzu5INThhk0GDKPBDhUkzu4pEH_PSe4m561L0NpCL0itPfy_hBziQ66q4qiH_iPKCtnDQBYIz8fxHxcjikJtBii2URvnVGiYgTxcijRqydWkPDXKy7U-2OzgezkW6IgqzxPeHztACVmCaotNnvsQSGpxsYN_SVT33u8Z4Yyy8pmYspqGJQpLUJjhFjWpRAs25RBvUKM7gCPkPP0NRLAAy0Ts55SXeggRpBDHqmamobEa5DewhLIk-UMl1FOg9cD3qsvkalLXQ8y61Tl-gugUG6uQ5VP9G-Mk_65n2LV5LciHbxSKVXSzRGgb7IyRoc2tiqFsC02vMcxxwbuKDFThqV6PqpILXM4sLxc0n7NYa0edcHvoybHyfeIuSxRfkipjzs8CaM_M12RJKbwYF5iCDPjSCLbEwGZ5pxfW8zwD3NfU6vZlIuqrmsW34kQiCPWdBb3Fh_OLibBwmZJPrBLkp0DTHzi3tZdrK7MrxK_OCPA\" data-hovercard=\"\/ajax\/hovercard\/page.php?id=1482170575352613&amp;extragetparams=%7B%22__tn__%22%3A%22%2CdKH-R-R%22%2C%22eid%22%3A%22ARBcyhwx5zIdJJNsJR4x86dWTRn8Nunn3u_Bpb9w9o5qKFhmbq7iD5KBnbgROOfQSGZ3Z1apwMsgNp58%22%2C%22fref%22%3A%22mentions%22%7D\" data-hovercard-prefer-more-content-show=\"1\">Grand Reims<\/a> et l\u2019Etat dans le cadre du Contrat de ville.<\/p>\n<\/div>\n<p style=\"text-align: center;\"><strong>&nbsp;<\/strong><\/p>\n","protected":false},"excerpt":{"rendered":"<p>En mai 2015, Reims habitat inaugurait le \u00ab Grain d\u2019Org\u2019 \u00bb, le carr\u00e9 de biodiversit\u00e9 du quartier Orgeval, cr\u00e9\u00e9 lors du premier Programme de Renouvellement &hellip;<\/p>\n","protected":false},"author":2,"featured_media":4077,"comment_status":"open","ping_status":"open","sticky":false,"template":"","format":"gallery","meta":{"_themeisle_gutenberg_block_has_review":false,"footnotes":""},"categories":[180],"tags":[173],"class_list":["post-3986","post","type-post","status-publish","format-gallery","has-post-thumbnail","hentry","category-nature-a-orgeval","tag-khalid-ramali-grain-dorg-reims-habitat","post_format-post-format-gallery"],"_links":{"self":[{"href":"https:\/\/www.orgevalreims.org\/index.php?rest_route=\/wp\/v2\/posts\/3986","targetHints":{"allow":["GET"]}}],"collection":[{"href":"https:\/\/www.orgevalreims.org\/index.php?rest_route=\/wp\/v2\/posts"}],"about":[{"href":"https:\/\/www.orgevalreims.org\/index.php?rest_route=\/wp\/v2\/types\/post"}],"author":[{"embeddable":true,"href":"https:\/\/www.orgevalreims.org\/index.php?rest_route=\/wp\/v2\/users\/2"}],"replies":[{"embeddable":true,"href":"https:\/\/www.orgevalreims.org\/index.php?rest_route=%2Fwp%2Fv2%2Fcomments&post=3986"}],"version-history":[{"count":3,"href":"https:\/\/www.orgevalreims.org\/index.php?rest_route=\/wp\/v2\/posts\/3986\/revisions"}],"predecessor-version":[{"id":4366,"href":"https:\/\/www.orgevalreims.org\/index.php?rest_route=\/wp\/v2\/posts\/3986\/revisions\/4366"}],"wp:featuredmedia":[{"embeddable":true,"href":"https:\/\/www.orgevalreims.org\/index.php?rest_route=\/wp\/v2\/media\/4077"}],"wp:attachment":[{"href":"https:\/\/www.orgevalreims.org\/index.php?rest_route=%2Fwp%2Fv2%2Fmedia&parent=3986"}],"wp:term":[{"taxonomy":"category","embeddable":true,"href":"https:\/\/www.orgevalreims.org\/index.php?rest_route=%2Fwp%2Fv2%2Fcategories&post=3986"},{"taxonomy":"post_tag","embeddable":true,"href":"https:\/\/www.orgevalreims.org\/index.php?rest_route=%2Fwp%2Fv2%2Ftags&post=3986"}],"curies":[{"name":"wp","href":"https:\/\/api.w.org\/{rel}","templated":true}]}}