{"id":3400,"date":"2017-01-07T11:59:50","date_gmt":"2017-01-07T09:59:50","guid":{"rendered":"http:\/\/www.orgevalreims.org\/?p=3400"},"modified":"2020-07-23T18:58:33","modified_gmt":"2020-07-23T16:58:33","slug":"colbert-web-radio","status":"publish","type":"post","link":"https:\/\/www.orgevalreims.org\/?p=3400","title":{"rendered":"COLBERT WEB RADIO"},"content":{"rendered":"<h2 class=\"normal\">Lancement de la Webradio de la cit\u00e9 scolaire Colbert<br \/>\n<span class=\"subtitle\"> Actualit\u00e9s g\u00e9n\u00e9rales <\/span><\/h2>\n<div id=\"z4-content\">\n<div id=\"chapo\">\n<p>Les lyc\u00e9ens et coll\u00e9giens de Colbert ont lanc\u00e9 leur webradio sous le parrainage de Gilles Halais, journaliste \u00e0 France Info.<\/p>\n<\/div>\n<div id=\"principal\">\n<div class=\"divTable\">\n<table border=\"0\">\n<tbody>\n<tr class=\"even\">\n<td><img decoding=\"async\" title=\"Les \u00e9l\u00e8ves de la cit\u00e9 Colbert lancent leur Webradio \u00a9 Cr\u00e9dit Acad\u00e9mie de Reims\" src=\"http:\/\/cache.media.education.gouv.fr\/image\/education-aux-medias\/79\/8\/IMG_0711_443798.jpg\" alt=\"Les \u00e9l\u00e8ves de la cit\u00e9 Colbert lancent leur Webradio \u00a9 Cr\u00e9dit Acad\u00e9mie de Reims\" width=\"300\" \/><\/p>\n<p><img decoding=\"async\" title=\"Les \u00e9l\u00e8ves de la cit\u00e9 Colbert lancent leur Webradio \u00a9 Cr\u00e9dit Acad\u00e9mie de Reims\" src=\"http:\/\/cache.media.education.gouv.fr\/image\/education-aux-medias\/80\/1\/IMG_0707_443801.jpg\" alt=\"Les \u00e9l\u00e8ves de la cit\u00e9 Colbert lancent leur Webradio \u00a9 Cr\u00e9dit Acad\u00e9mie de Reims\" width=\"300\" \/><\/td>\n<td>Le 15 juin 2015 sera un anniversaire facile \u00e0 retenir pour les \u00e9l\u00e8ves de la cit\u00e9 scolaire Colbert car c&rsquo;est le jour o\u00f9 leur webradio a fait ses premiers pas sur les ondes.<\/p>\n<p>Les coll\u00e9giens (classe de 4\u00e8me) et lyc\u00e9ens (classe de 1\u00e8re) engag\u00e9s dans la cr\u00e9ation d&rsquo;une webradio ont anim\u00e9, non sans \u00e9motion, leur premi\u00e8re \u00e9mission en direct et en pr\u00e9sence de Gilles Halais, journaliste \u00e0 France Info et parrain de l&rsquo;op\u00e9ration.<\/p>\n<p>Pr\u00e9sent dans l&rsquo;\u00e9tablissement en mars \u00e0 l&rsquo;occasion de <a href=\"http:\/\/www.ac-reims.fr\/cid87228\/la-liberte-expression-apprend.html\">la semaine de la presse et des m\u00e9dias dans l&rsquo;\u00c9cole, Gilles Halais avait promis de parrainer la webradio<\/a> lors de l&rsquo;aboutissement du projet\u00a0; un challenge relev\u00e9 plus vite que pr\u00e9vu et avec succ\u00e8s\u00a0!<\/p>\n<p>C&rsquo;est avec une certaine fiert\u00e9 que M. Daug\u00e9, proviseur de la cit\u00e9 scolaire Colbert, a salu\u00e9 la qualit\u00e9 de l&rsquo;\u00e9mission. Il a \u00e9galement rappel\u00e9 le n\u00e9cessaire travail d&rsquo;\u00e9quipe autour de l&rsquo;enregistrement et la mobilisation de tout un ensemble de comp\u00e9tences au-del\u00e0 de la seule prise de parole.<\/p>\n<p>Gilles Halais, professionnel de la radio, a appr\u00e9ci\u00e9 quant \u00e0 lui l&rsquo;int\u00e9r\u00eat des sujets trait\u00e9s, la pr\u00e9sence et la r\u00e9activit\u00e9 des animateurs \u00e0 l&rsquo;antenne ainsi que leur voix intelligible, autant de qualit\u00e9s indispensables pour capter les auditeurs qui, n&rsquo;en doutons pas, ont vocation \u00e0 se multiplier puisque toute l&rsquo;\u00e9quipe de la webradio restera aux commandes l&rsquo;ann\u00e9e prochaine.<\/p>\n<p><a class=\"chevron\" href=\"http:\/\/www.crdp-reims.fr\/telecharger\/webradio-cobert-15-06.mp3\" target=\"_blank\" rel=\"noopener noreferrer\">r\u00e9-\u00e9couter la premi\u00e8re \u00e9mission en entier de la cit\u00e9 scolaire Colbert<\/a><\/p>\n<p>&nbsp;<\/td>\n<\/tr>\n<\/tbody>\n<\/table>\n<\/div>\n<\/div>\n<\/div>\n","protected":false},"excerpt":{"rendered":"<p>Lancement de la Webradio de la cit\u00e9 scolaire Colbert Actualit\u00e9s g\u00e9n\u00e9rales Les lyc\u00e9ens et coll\u00e9giens de Colbert ont lanc\u00e9 leur webradio sous le parrainage de &hellip;<\/p>\n","protected":false},"author":2,"featured_media":0,"comment_status":"open","ping_status":"open","sticky":false,"template":"","format":"aside","meta":{"_themeisle_gutenberg_block_has_review":false,"footnotes":""},"categories":[1],"tags":[],"class_list":["post-3400","post","type-post","status-publish","format-aside","hentry","category-actualite-orgeval-des-actions-en-cours-et-a-venir","post_format-post-format-aside"],"_links":{"self":[{"href":"https:\/\/www.orgevalreims.org\/index.php?rest_route=\/wp\/v2\/posts\/3400","targetHints":{"allow":["GET"]}}],"collection":[{"href":"https:\/\/www.orgevalreims.org\/index.php?rest_route=\/wp\/v2\/posts"}],"about":[{"href":"https:\/\/www.orgevalreims.org\/index.php?rest_route=\/wp\/v2\/types\/post"}],"author":[{"embeddable":true,"href":"https:\/\/www.orgevalreims.org\/index.php?rest_route=\/wp\/v2\/users\/2"}],"replies":[{"embeddable":true,"href":"https:\/\/www.orgevalreims.org\/index.php?rest_route=%2Fwp%2Fv2%2Fcomments&post=3400"}],"version-history":[{"count":2,"href":"https:\/\/www.orgevalreims.org\/index.php?rest_route=\/wp\/v2\/posts\/3400\/revisions"}],"predecessor-version":[{"id":4677,"href":"https:\/\/www.orgevalreims.org\/index.php?rest_route=\/wp\/v2\/posts\/3400\/revisions\/4677"}],"wp:attachment":[{"href":"https:\/\/www.orgevalreims.org\/index.php?rest_route=%2Fwp%2Fv2%2Fmedia&parent=3400"}],"wp:term":[{"taxonomy":"category","embeddable":true,"href":"https:\/\/www.orgevalreims.org\/index.php?rest_route=%2Fwp%2Fv2%2Fcategories&post=3400"},{"taxonomy":"post_tag","embeddable":true,"href":"https:\/\/www.orgevalreims.org\/index.php?rest_route=%2Fwp%2Fv2%2Ftags&post=3400"}],"curies":[{"name":"wp","href":"https:\/\/api.w.org\/{rel}","templated":true}]}}