{"id":3297,"date":"2016-11-27T18:03:02","date_gmt":"2016-11-27T16:03:02","guid":{"rendered":"http:\/\/www.orgevalreims.org\/?p=3297"},"modified":"2016-11-27T18:03:02","modified_gmt":"2016-11-27T16:03:02","slug":"inauguration","status":"publish","type":"post","link":"https:\/\/www.orgevalreims.org\/?p=3297","title":{"rendered":"Inauguration"},"content":{"rendered":"<div class=\"attribute-header\">\n<h1>Reims<\/h1>\n<\/div>\n<div class=\"attribute-short\">\n<p>Le c\u0153ur du quartier Orgeval inaugur\u00e9<\/p>\n<\/div>\n<div class=\"attribute-long\">\n<p><i><b>Lanc\u00e9e en 2009, la r\u00e9novation urbaine du quartier Orgeval vient de franchir une \u00e9tape d\u00e9cisive avec la livraison de l&rsquo;\u00eelot Charles Roche et l\u2019am\u00e9nagement de la place Simone de Beauvoir. Situe\u0301 au c\u0153ur de ce quartier de plus de 6 000 habitants, le nouvel espace public est ouvert sur la rue du Docteur Schweitzer irrigu\u00e9e par le tramway.<\/b> <\/i><\/p>\n<p>Le 18 mai dernier \u00e9tait inaugur\u00e9 le nouveau c\u0153ur d\u2019Orgeval. L\u2019image du quartier a profond\u00e9ment chang\u00e9 depuis les premi\u00e8res d\u00e9molitions en 2009. Le secteur rassemble des logements r\u00e9habilit\u00e9s et reconstruits, des commerces et des \u00e9quipements publics, l\u2019ensemble s\u2019inscrivant dans la nouvelle place Simone de Beauvoir.<br \/>\nLe renouvellement de l\u2019offre de logement a d\u00e9j\u00e0 d\u00e9marr\u00e9 dans le cadre du PRU\u00a0; il se poursuivra dans la perspective du NPNRU. A ce jour, sur un parc d\u2019habitat comptant 2 300 logements, 702 logements ont \u00e9t\u00e9 r\u00e9sidentialis\u00e9s, 622 r\u00e9habilit\u00e9s et 233 reconstruits \u2013 pour 203 logements d\u00e9molis.<\/p>\n<p><b>Une Maison de quartier flambant neuve<\/b><\/p>\n<p>Ouverte depuis mars 2016, la nouvelle Maison de quartier symbolise la renaissance d\u2019Orgeval. Axe central du renouvellement du c\u0153ur de quartier, elle occupe une position privil\u00e9gi\u00e9e. Sa fr\u00e9quentation a d\u00e9j\u00e0 augment\u00e9 significativement pour les inscriptions au centre de loisirs et \u00e0 la boxe\u00a0; elle propose davantage d\u2019activit\u00e9s, telles que la zumba et la gymnastique f\u00e9minine. Le b\u00e2timent est plus visible et plus attractif que la structure pr\u00e9c\u00e9dente r\u00e9partie sur deux sites distincts. Attenante au nouvel \u00e9quipement, la salle municipale sera lou\u00e9e aux habitants voulant organiser un \u00e9v\u00e9nement festif.<\/p>\n<div class=\"object-center\">\n<div class=\"content-view-embed\">\n<div class=\"class-image\">\n<div class=\"attribute-image\"><img loading=\"lazy\" decoding=\"async\" title=\"Reims - Le c\u0153ur du quartier Orgeval inaugur\u00e9\" src=\"http:\/\/www.anru.fr\/var\/ezflow_site\/storage\/images\/media\/images\/photo-actualites\/reims-le-caeur-du-quartier-orgeval-inaugure3\/340797-3-fre-FR\/Reims-Le-caeur-du-quartier-Orgeval-inaugure_imagelarge.jpg\" alt=\"Reims - Le c\u0153ur du quartier Orgeval inaugur\u00e9\" width=\"448\" height=\"336\" \/><\/div>\n<\/div>\n<\/div>\n<\/div>\n<p><i>La place Simone de Beauvoir et la Maison de quartier<\/i><\/p>\n<p>Le nouvel \u00e9quipement public s\u2019inscrit dans un espace public enti\u00e8rement requalifi\u00e9 avec la cr\u00e9ation de la place Simone de Beauvoir. L\u2019objectif de ce nouveau c\u0153ur de quartier est de favoriser les \u00e9changes, la d\u00e9tente et l&rsquo;organisation d\u2019\u00e9v\u00e8nements conviviaux.<\/p>\n<p><b>Le groupe scolaire restructur\u00e9<\/b><\/p>\n<p>Le groupe scolaire Gallieni a \u00e9t\u00e9\u0301 totalement r\u00e9habilit\u00e9 pour un budget de 5 millions d&rsquo;euros. Compos\u00e9 d\u2019une \u00e9cole \u00e9l\u00e9mentaire r\u00e9nov\u00e9e et d\u2019une maternelle restructur\u00e9e, il accueille 365 \u00e9l\u00e8ves dans de bien meilleures conditions. La nouvelle entr\u00e9e s\u00e9curis\u00e9e permet aux parents d\u2019acc\u00e9der au c\u0153ur de l\u2019\u00e9cole. L\u2019installation d\u2019un ascenseur permet l\u2019acc\u00e8s aux \u00e9tages pour les personnes \u00e0 mobilit\u00e9 r\u00e9duite. Une nouvelle aile a \u00e9t\u00e9 construite pour relier la maternelle \u00e0 l\u2019\u00e9cole \u00e9l\u00e9mentaire. Le projet avec le conservatoire de musique se d\u00e9veloppe gr\u00e2ce \u00e0 la cr\u00e9ation d\u2019une salle de r\u00e9p\u00e9tition et de quatre salles de pratique instrumentale insonoris\u00e9es.<\/p>\n<div class=\"object-center\">\n<div class=\"content-view-embed\">\n<div class=\"class-image\">\n<div class=\"attribute-image\"><img loading=\"lazy\" decoding=\"async\" title=\"Reims - Le c\u0153ur du quartier Orgeval inaugur\u00e9\" src=\"http:\/\/www.anru.fr\/var\/ezflow_site\/storage\/images\/media\/images\/photo-actualites\/reims-le-caeur-du-quartier-orgeval-inaugure2\/340779-2-fre-FR\/Reims-Le-caeur-du-quartier-Orgeval-inaugure_imagelarge.jpg\" alt=\"Reims - Le c\u0153ur du quartier Orgeval inaugur\u00e9\" width=\"448\" height=\"336\" \/><\/div>\n<\/div>\n<\/div>\n<\/div>\n<p><i>Le groupe scolaire Gallieni restructur\u00e9<\/i><\/p>\n<p><b>La fin du PRU<\/b><\/p>\n<p>Le Programme de r\u00e9novation urbaine \u2013 ANRU 1 \u2013 sera boucl\u00e9 avec la restructuration du stade Georges-H\u00e9bert qui devrait d\u00e9buter cet \u00e9t\u00e9\u00a0; les travaux sont pr\u00e9vus pour une dur\u00e9e de 18 mois. Ils porteront uniquement sur les abords : r\u00e9fection des parkings, cr\u00e9ation d\u2019un parvis afin de s\u00e9parer les deux entr\u00e9es \u2013 stade et piscine \u2013 am\u00e9nagement d\u2019un parc public avec un terrain multisports, cr\u00e9ation d\u2019un cheminement pi\u00e9ton et cycliste qui reliera l\u2019avenue de Laon \u00e0 la rue Schweitzer.<\/p>\n<div class=\"object-center\">\n<div class=\"content-view-embed\">\n<div class=\"class-image\">\n<div class=\"attribute-image\"><img loading=\"lazy\" decoding=\"async\" title=\"Reims - Le c\u0153ur du quartier Orgeval inaugur\u00e9\" src=\"http:\/\/www.anru.fr\/var\/ezflow_site\/storage\/images\/media\/images\/photo-actualites\/reims-le-caeur-du-quartier-orgeval-inaugure\/340761-1-fre-FR\/Reims-Le-caeur-du-quartier-Orgeval-inaugure_imagelarge.jpg\" alt=\"Reims - Le c\u0153ur du quartier Orgeval inaugur\u00e9\" width=\"448\" height=\"336\" \/><\/div>\n<\/div>\n<\/div>\n<\/div>\n<p><i>Nouveaux logements et requalification rue du 106\u00e8me RI<\/i><\/p>\n<p>Dans la perspective du NPNRU \u2013 ANRU 2 \u2013 les op\u00e9rations sur le quartier d\u2019Orgeval porteront essentiellement sur la r\u00e9habilitation-r\u00e9sidentialisation de 800 logements sociaux non encore trait\u00e9s, les pr\u00e9c\u00e9dentes op\u00e9rations ayant port\u00e9 sur le patrimoine du Foyer R\u00e9mois et de Reims Habitat\u00a0; les secteurs concern\u00e9s\u00a0pour cette deuxi\u00e8me phase du renouvellement urbain : Charpentier-Bettinger, Neufch\u00e2tel-Jean-XXIII et les deux-tiers non encore trait\u00e9s du secteur Poincar\u00e9.<\/p>\n<\/div>\n","protected":false},"excerpt":{"rendered":"<p>Reims Le c\u0153ur du quartier Orgeval inaugur\u00e9 Lanc\u00e9e en 2009, la r\u00e9novation urbaine du quartier Orgeval vient de franchir une \u00e9tape d\u00e9cisive avec la livraison &hellip;<\/p>\n","protected":false},"author":2,"featured_media":0,"comment_status":"open","ping_status":"open","sticky":false,"template":"","format":"aside","meta":{"_themeisle_gutenberg_block_has_review":false,"footnotes":""},"categories":[1,65],"tags":[],"class_list":["post-3297","post","type-post","status-publish","format-aside","hentry","category-actualite-orgeval-des-actions-en-cours-et-a-venir","category-renovation","post_format-post-format-aside"],"_links":{"self":[{"href":"https:\/\/www.orgevalreims.org\/index.php?rest_route=\/wp\/v2\/posts\/3297","targetHints":{"allow":["GET"]}}],"collection":[{"href":"https:\/\/www.orgevalreims.org\/index.php?rest_route=\/wp\/v2\/posts"}],"about":[{"href":"https:\/\/www.orgevalreims.org\/index.php?rest_route=\/wp\/v2\/types\/post"}],"author":[{"embeddable":true,"href":"https:\/\/www.orgevalreims.org\/index.php?rest_route=\/wp\/v2\/users\/2"}],"replies":[{"embeddable":true,"href":"https:\/\/www.orgevalreims.org\/index.php?rest_route=%2Fwp%2Fv2%2Fcomments&post=3297"}],"version-history":[{"count":1,"href":"https:\/\/www.orgevalreims.org\/index.php?rest_route=\/wp\/v2\/posts\/3297\/revisions"}],"predecessor-version":[{"id":3298,"href":"https:\/\/www.orgevalreims.org\/index.php?rest_route=\/wp\/v2\/posts\/3297\/revisions\/3298"}],"wp:attachment":[{"href":"https:\/\/www.orgevalreims.org\/index.php?rest_route=%2Fwp%2Fv2%2Fmedia&parent=3297"}],"wp:term":[{"taxonomy":"category","embeddable":true,"href":"https:\/\/www.orgevalreims.org\/index.php?rest_route=%2Fwp%2Fv2%2Fcategories&post=3297"},{"taxonomy":"post_tag","embeddable":true,"href":"https:\/\/www.orgevalreims.org\/index.php?rest_route=%2Fwp%2Fv2%2Ftags&post=3297"}],"curies":[{"name":"wp","href":"https:\/\/api.w.org\/{rel}","templated":true}]}}