{"id":3293,"date":"2016-11-27T17:59:21","date_gmt":"2016-11-27T15:59:21","guid":{"rendered":"http:\/\/www.orgevalreims.org\/?p=3293"},"modified":"2016-11-27T18:00:59","modified_gmt":"2016-11-27T16:00:59","slug":"mdq-orgeval","status":"publish","type":"post","link":"https:\/\/www.orgevalreims.org\/?p=3293","title":{"rendered":"MDQ ORGEVAL"},"content":{"rendered":"<h2 class=\"article-open-titre\">Le nouveau coeur du quartier Orgeval inaugur\u00e9<\/h2>\n<div class=\"article-imagelist\"><span class=\"plus\">\u00a0<\/span><\/div>\n<div id=\"article-images-container\">\n<ul>\n<li>\n<div class=\"article-image-main\">\n<div class=\"legende\">Mercredi 18 mai, une inauguration conviviale et festive pour le nouveau c\u0153ur d&rsquo;Orgeval.<\/div>\n<\/div>\n<\/li>\n<li>\n<div class=\"article-image-main\">\n<p><img decoding=\"async\" src=\"http:\/\/media.lhebdoduvendredi.com\/illustrations\/00023091_normal.jpg\" alt=\"Au sein de l'\u00eelot Roche, un nouvel et vaste espace public : la place Simone de Beauvoir.\" \/><\/p>\n<div class=\"legende\">Au sein de l&rsquo;\u00eelot Roche, un nouvel et vaste espace public : la place Simone de Beauvoir.<\/div>\n<\/div>\n<\/li>\n<li>\n<div class=\"article-image-main\">\n<p><img decoding=\"async\" src=\"http:\/\/media.lhebdoduvendredi.com\/illustrations\/00023090_normal.jpg\" alt=\"Mercredi 18 mai, une inauguration conviviale et festive pour le nouveau coeur d'Orgeval.\" \/><\/p>\n<div class=\"legende\">Mercredi 18 mai, une inauguration conviviale et festive pour le nouveau coeur d&rsquo;Orgeval.<\/div>\n<\/div>\n<\/li>\n<\/ul>\n<\/div>\n<div class=\"article-open-body\">Lanc\u00e9e d\u00e8s 2009, la r\u00e9novation urbaine d&rsquo;Orgeval vient de franchir un cap majeur avec la livraison de l&rsquo;\u00eelot Charles Roche, situ\u00e9 au c\u0153ur de ce quartier de 6 000 habitants. Ouvert sur la rue du Docteur Schweitzer irrigu\u00e9e par le tramway, cet espace m\u00eale logements, commerces et \u00e9quipements publics donnant sur une nouvelle place baptis\u00e9e Simone de Beauvoir, con\u00e7ue pour favoriser les \u00e9changes, la d\u00e9tente et l&rsquo;organisation de manifestations. Ouverte depuis quelques semaines, la nouvelle Maison de quartier, qui offre une surface de pr\u00e8s de 2 500 m2 avec la salle municipale attenante, a d\u00e9j\u00e0 vu sa fr\u00e9quentation augment\u00e9e significativement. L&rsquo;ensemble repr\u00e9sente un investissement de plus de 6 millions d&rsquo;\u20ac financ\u00e9 par la ville de Reims et l&rsquo;ANRU. Juste derri\u00e8re, le groupe scolaire Gallieni a aussi \u00e9t\u00e9 totalement restructur\u00e9 pour un budget de 5 millions d&rsquo;\u20ac. Et apr\u00e8s deux ann\u00e9es de travaux, la municipalit\u00e9 engage actuellement la cr\u00e9ation d\u2019un parvis d\u2019entr\u00e9e, l\u2019am\u00e9nagement d\u2019un cheminement pi\u00e9ton, des aires de jeux et d\u2019un terrain multisports \u00e0 hauteur de 715 000 \u20ac. Le tout devrait \u00eatre pr\u00eat pour la rentr\u00e9e de septembre 2016. La suite ? La ville de Reims indique qu&rsquo;Arnaud Robinet, maire de Reims et Catherine Vautrin, pr\u00e9sidente de Reims M\u00e9tropole ont entam\u00e9 une r\u00e9flexion sur l&rsquo;am\u00e9nagement de la place de Fermat, implant\u00e9e de l\u2019autre c\u00f4t\u00e9 de l\u2019arr\u00eat de tramway \u00ab De Fermat \u00bb. La municipalit\u00e9 souhaiterait ainsi, \u00ab\u00a0porter avec les partenaires du renouvellement urbain un projet en harmonie avec la nouvelle place Simone de Beauvoir\u00a0\u00bb.<\/div>\n","protected":false},"excerpt":{"rendered":"<p>Le nouveau coeur du quartier Orgeval inaugur\u00e9 \u00a0 Mercredi 18 mai, une inauguration conviviale et festive pour le nouveau c\u0153ur d&rsquo;Orgeval. Au sein de l&rsquo;\u00eelot &hellip;<\/p>\n","protected":false},"author":2,"featured_media":0,"comment_status":"open","ping_status":"open","sticky":false,"template":"","format":"aside","meta":{"_themeisle_gutenberg_block_has_review":false,"footnotes":""},"categories":[1],"tags":[],"class_list":["post-3293","post","type-post","status-publish","format-aside","hentry","category-actualite-orgeval-des-actions-en-cours-et-a-venir","post_format-post-format-aside"],"_links":{"self":[{"href":"https:\/\/www.orgevalreims.org\/index.php?rest_route=\/wp\/v2\/posts\/3293","targetHints":{"allow":["GET"]}}],"collection":[{"href":"https:\/\/www.orgevalreims.org\/index.php?rest_route=\/wp\/v2\/posts"}],"about":[{"href":"https:\/\/www.orgevalreims.org\/index.php?rest_route=\/wp\/v2\/types\/post"}],"author":[{"embeddable":true,"href":"https:\/\/www.orgevalreims.org\/index.php?rest_route=\/wp\/v2\/users\/2"}],"replies":[{"embeddable":true,"href":"https:\/\/www.orgevalreims.org\/index.php?rest_route=%2Fwp%2Fv2%2Fcomments&post=3293"}],"version-history":[{"count":3,"href":"https:\/\/www.orgevalreims.org\/index.php?rest_route=\/wp\/v2\/posts\/3293\/revisions"}],"predecessor-version":[{"id":3296,"href":"https:\/\/www.orgevalreims.org\/index.php?rest_route=\/wp\/v2\/posts\/3293\/revisions\/3296"}],"wp:attachment":[{"href":"https:\/\/www.orgevalreims.org\/index.php?rest_route=%2Fwp%2Fv2%2Fmedia&parent=3293"}],"wp:term":[{"taxonomy":"category","embeddable":true,"href":"https:\/\/www.orgevalreims.org\/index.php?rest_route=%2Fwp%2Fv2%2Fcategories&post=3293"},{"taxonomy":"post_tag","embeddable":true,"href":"https:\/\/www.orgevalreims.org\/index.php?rest_route=%2Fwp%2Fv2%2Ftags&post=3293"}],"curies":[{"name":"wp","href":"https:\/\/api.w.org\/{rel}","templated":true}]}}