{"id":3033,"date":"2016-08-04T13:46:17","date_gmt":"2016-08-04T11:46:17","guid":{"rendered":"http:\/\/www.orgevalreims.org\/?p=3033"},"modified":"2016-08-04T13:46:17","modified_gmt":"2016-08-04T11:46:17","slug":"creation-et-inauguration-du-quartier-dorgeval-a-reims","status":"publish","type":"post","link":"https:\/\/www.orgevalreims.org\/?p=3033","title":{"rendered":"Cr\u00e9ation et inauguration du quartier d&rsquo;Orgeval \u00e0 Reims"},"content":{"rendered":"<p><u><b>Quelques dates:<\/b><\/u><\/p>\n<p><b>21 Juillet 1960<\/b>\u00a0 Arr\u00eat\u00e9 Minist\u00e9riel cr\u00e9ant la Zone \u00e0 Urbaniser en Priorit\u00e9\u00a0 (Z.U.P.) d&rsquo;Orgeval<\/p>\n<p><b>2 Mai 1961<\/b>\u00a0 Convention d&rsquo;\u00e9tude entre la Ville de Reims et la SEDMA<\/p>\n<p><b>14 Ao\u00fbt 1963<\/b>\u00a0 Convention de concession de l&rsquo;op\u00e9ration \u00e0 la SEDMA<\/p>\n<p>La construction a d\u00e9but\u00e9 en 1962 pour s&rsquo;achever en 1972.<\/p>\n<p>Il a ensuite \u00e9t\u00e9 inaugur\u00e9 le 28\/11\/1970\u00a0 par le pr\u00e9fet de la r\u00e9gion de l&rsquo;\u00e9poque M. Tony ROCHE. ( voir lien pour l&rsquo;inauguration https:\/\/www.orgevalreims.org\/?p=3030 )<\/p>\n<div id='gallery-1' class='gallery galleryid-3033 gallery-columns-5 gallery-size-medium'><figure class='gallery-item'>\n\t\t\t<div class='gallery-icon portrait'>\n\t\t\t\t<a href='https:\/\/www.orgevalreims.org\/wp-content\/uploads\/2015\/10\/dossier9-43.jpg'><img loading=\"lazy\" decoding=\"async\" width=\"229\" height=\"300\" src=\"https:\/\/www.orgevalreims.org\/wp-content\/uploads\/2015\/10\/dossier9-43-229x300.jpg\" class=\"attachment-medium size-medium\" alt=\"\" srcset=\"https:\/\/www.orgevalreims.org\/wp-content\/uploads\/2015\/10\/dossier9-43-229x300.jpg 229w, https:\/\/www.orgevalreims.org\/wp-content\/uploads\/2015\/10\/dossier9-43-781x1024.jpg 781w, https:\/\/www.orgevalreims.org\/wp-content\/uploads\/2015\/10\/dossier9-43.jpg 1163w\" sizes=\"auto, (max-width: 229px) 100vw, 229px\" \/><\/a>\n\t\t\t<\/div><\/figure><figure class='gallery-item'>\n\t\t\t<div class='gallery-icon landscape'>\n\t\t\t\t<a href='https:\/\/www.orgevalreims.org\/wp-content\/uploads\/2015\/10\/dossier9-5.jpg'><img loading=\"lazy\" decoding=\"async\" width=\"300\" height=\"226\" src=\"https:\/\/www.orgevalreims.org\/wp-content\/uploads\/2015\/10\/dossier9-5-300x226.jpg\" class=\"attachment-medium size-medium\" alt=\"\" srcset=\"https:\/\/www.orgevalreims.org\/wp-content\/uploads\/2015\/10\/dossier9-5-300x226.jpg 300w, https:\/\/www.orgevalreims.org\/wp-content\/uploads\/2015\/10\/dossier9-5-1024x771.jpg 1024w, https:\/\/www.orgevalreims.org\/wp-content\/uploads\/2015\/10\/dossier9-5.jpg 1529w\" sizes=\"auto, (max-width: 300px) 100vw, 300px\" \/><\/a>\n\t\t\t<\/div><\/figure><figure class='gallery-item'>\n\t\t\t<div class='gallery-icon landscape'>\n\t\t\t\t<a href='https:\/\/www.orgevalreims.org\/wp-content\/uploads\/2015\/10\/dossier9-4.jpg'><img loading=\"lazy\" decoding=\"async\" width=\"300\" height=\"223\" src=\"https:\/\/www.orgevalreims.org\/wp-content\/uploads\/2015\/10\/dossier9-4-300x223.jpg\" class=\"attachment-medium size-medium\" alt=\"\" srcset=\"https:\/\/www.orgevalreims.org\/wp-content\/uploads\/2015\/10\/dossier9-4-300x223.jpg 300w, https:\/\/www.orgevalreims.org\/wp-content\/uploads\/2015\/10\/dossier9-4-1024x760.jpg 1024w, https:\/\/www.orgevalreims.org\/wp-content\/uploads\/2015\/10\/dossier9-4.jpg 1530w\" sizes=\"auto, (max-width: 300px) 100vw, 300px\" \/><\/a>\n\t\t\t<\/div><\/figure><figure class='gallery-item'>\n\t\t\t<div class='gallery-icon landscape'>\n\t\t\t\t<a href='https:\/\/www.orgevalreims.org\/wp-content\/uploads\/2015\/10\/dossier9-29.jpg'><img loading=\"lazy\" decoding=\"async\" width=\"300\" height=\"190\" src=\"https:\/\/www.orgevalreims.org\/wp-content\/uploads\/2015\/10\/dossier9-29-300x190.jpg\" class=\"attachment-medium size-medium\" alt=\"\" srcset=\"https:\/\/www.orgevalreims.org\/wp-content\/uploads\/2015\/10\/dossier9-29-300x190.jpg 300w, https:\/\/www.orgevalreims.org\/wp-content\/uploads\/2015\/10\/dossier9-29-1024x648.jpg 1024w, https:\/\/www.orgevalreims.org\/wp-content\/uploads\/2015\/10\/dossier9-29.jpg 1857w\" sizes=\"auto, (max-width: 300px) 100vw, 300px\" \/><\/a>\n\t\t\t<\/div><\/figure><figure class='gallery-item'>\n\t\t\t<div class='gallery-icon landscape'>\n\t\t\t\t<a href='https:\/\/www.orgevalreims.org\/wp-content\/uploads\/2015\/10\/dossier10-13.jpg'><img loading=\"lazy\" decoding=\"async\" width=\"300\" height=\"191\" src=\"https:\/\/www.orgevalreims.org\/wp-content\/uploads\/2015\/10\/dossier10-13-300x191.jpg\" class=\"attachment-medium size-medium\" alt=\"\" srcset=\"https:\/\/www.orgevalreims.org\/wp-content\/uploads\/2015\/10\/dossier10-13-300x191.jpg 300w, https:\/\/www.orgevalreims.org\/wp-content\/uploads\/2015\/10\/dossier10-13-1024x652.jpg 1024w\" sizes=\"auto, (max-width: 300px) 100vw, 300px\" \/><\/a>\n\t\t\t<\/div><\/figure>\n\t\t<\/div>\n\n","protected":false},"excerpt":{"rendered":"<p>Quelques dates: 21 Juillet 1960\u00a0 Arr\u00eat\u00e9 Minist\u00e9riel cr\u00e9ant la Zone \u00e0 Urbaniser en Priorit\u00e9\u00a0 (Z.U.P.) d&rsquo;Orgeval 2 Mai 1961\u00a0 Convention d&rsquo;\u00e9tude entre la Ville de &hellip;<\/p>\n","protected":false},"author":2,"featured_media":0,"comment_status":"open","ping_status":"open","sticky":false,"template":"","format":"aside","meta":{"_themeisle_gutenberg_block_has_review":false,"footnotes":""},"categories":[1],"tags":[],"class_list":["post-3033","post","type-post","status-publish","format-aside","hentry","category-actualite-orgeval-des-actions-en-cours-et-a-venir","post_format-post-format-aside"],"_links":{"self":[{"href":"https:\/\/www.orgevalreims.org\/index.php?rest_route=\/wp\/v2\/posts\/3033","targetHints":{"allow":["GET"]}}],"collection":[{"href":"https:\/\/www.orgevalreims.org\/index.php?rest_route=\/wp\/v2\/posts"}],"about":[{"href":"https:\/\/www.orgevalreims.org\/index.php?rest_route=\/wp\/v2\/types\/post"}],"author":[{"embeddable":true,"href":"https:\/\/www.orgevalreims.org\/index.php?rest_route=\/wp\/v2\/users\/2"}],"replies":[{"embeddable":true,"href":"https:\/\/www.orgevalreims.org\/index.php?rest_route=%2Fwp%2Fv2%2Fcomments&post=3033"}],"version-history":[{"count":1,"href":"https:\/\/www.orgevalreims.org\/index.php?rest_route=\/wp\/v2\/posts\/3033\/revisions"}],"predecessor-version":[{"id":3034,"href":"https:\/\/www.orgevalreims.org\/index.php?rest_route=\/wp\/v2\/posts\/3033\/revisions\/3034"}],"wp:attachment":[{"href":"https:\/\/www.orgevalreims.org\/index.php?rest_route=%2Fwp%2Fv2%2Fmedia&parent=3033"}],"wp:term":[{"taxonomy":"category","embeddable":true,"href":"https:\/\/www.orgevalreims.org\/index.php?rest_route=%2Fwp%2Fv2%2Fcategories&post=3033"},{"taxonomy":"post_tag","embeddable":true,"href":"https:\/\/www.orgevalreims.org\/index.php?rest_route=%2Fwp%2Fv2%2Ftags&post=3033"}],"curies":[{"name":"wp","href":"https:\/\/api.w.org\/{rel}","templated":true}]}}